{"id":4806,"date":"2024-11-13T10:41:29","date_gmt":"2024-11-13T09:41:29","guid":{"rendered":"https:\/\/advocatsferrer.com\/?p=4806"},"modified":"2024-12-11T12:52:23","modified_gmt":"2024-12-11T11:52:23","slug":"noves-esperances-per-als-quals-vulguin-reclamar-el-irph","status":"publish","type":"post","link":"https:\/\/advocatsferrer.com\/ca\/noves-esperances-per-als-quals-vulguin-reclamar-el-irph\/","title":{"rendered":"Noves esperances per a qui vulgui reclamar el IRPH"},"content":{"rendered":"\n<p>El pr\u00f2xim 12 de desembre el Tribunal de Just\u00edcia de la Uni\u00f3 Europea (TJUE), dictar\u00e0 sent\u00e8ncia sobre les cl\u00e0usules IRPH.<\/p>\n\n\n\n<p>La sent\u00e8ncia donar\u00e0 resposta a les q\u00fcestions prejudicials que la magistrada Eva Cer\u00f3n, titular del Jutjat de Primera Inst\u00e0ncia n\u00famero 8 de Donostia. Pot veure's aquesta q\u00fcesti\u00f3 prejudicial en aquest <strong><a href=\"https:\/\/eur-lex.europa.eu\/legal-content\/ES\/TXT\/HTML\/?uri=OJ%3AC_202301121\" target=\"_blank\" rel=\"noopener\">enlla\u00e7<\/a><\/strong>.<\/p>\n\n\n\n<p>Jos\u00e9 Mar\u00eda Erausquin un dels advocats Juntament amb Maite Ortiz que han impulsat aquesta \u00faltima q\u00fcesti\u00f3 prejudicial, est\u00e0 \u201cmolt esperan\u00e7at\u201d que el Tribunal Europeu dicti una sent\u00e8ncia a favor dels afectats pel IRPH.<\/p>\n\n\n\n<p>La Comissi\u00f3 Europea que s'ha pronunciat abans que ho faci el TJUE ha exposat en aquesta q\u00fcesti\u00f3 prejudicial uns arguments que evidencien que la postura respecte el IRPH del Tribunal Suprem de Madrid, El Jutjat de 1a inst\u00e0ncia n\u00famero 50 de Barcelona especialitzat en cl\u00e0usules abusives de pr\u00e9stecs hipotecaris, l'Audi\u00e8ncia de Barcelona i de Madrid \u00e9s una postura contr\u00e0ria a la Directiva 93\/13\/CEE i a la jurisprud\u00e8ncia del TJUE.<\/p>\n\n\n\n<p>El balan\u00e7 que fem a Ferrer Advocats com a advocats especialistes en IRPH i altres cl\u00e0usules abusives de pr\u00e9stecs hipotecaris, \u00e9s que aquesta Sent\u00e8ncia del TJUE ser\u00e0 l'\u00faltima oportunitat que ens brindi aquest Tribunal per a despr\u00e9s poder impugnar amb garanties d'\u00e8xit el IRPH en les nostres demandes contra els Bancs.<\/p>\n\n\n\n<p>Un dels punts m\u00e9s pol\u00e8mics que podrien decantar la balan\u00e7a en favor dels qui volen reclamar la abusivitat del IRPH de la seva hipoteca \u00e9s si el banc va informar el consumidor de l'exist\u00e8ncia i contingut del pre\u00e0mbul de la Circular 5\/94 del Banc d'Espanya i sobre el diferencial negatiu.<br>Respecte a la Sala Civil del Suprem, assenyala que \u201cha passat de no admetre cap recurs de cassaci\u00f3 per desaparici\u00f3 sobrevinguda de l'objecte de litigi a, almenys, que els recursos inici\u00efn la seva tramitaci\u00f3\u00bb.<\/p>\n\n\n\n<p>Tamb\u00e9 des de Pamplona es va dictar una Sent\u00e8ncia sobre IRPH que plantejava que:<br>\u201cno cal titllar de bona fe la conducta d'un professional que oculta o no facilita al consumidor una informaci\u00f3 rellevant de la qual disposa, com \u00e9s l'evoluci\u00f3 de l'\u00edndex IRPH els dos anys anteriors a la signatura de la hipoteca\u201d<br>D'aquesta manera, apuntem en els nostres calendaris la data assenyalada, 12\/12\/2024, perqu\u00e8 pot marcar un abans i un despr\u00e9s per a tots els afectats pel IRPH.<\/p>\n","protected":false},"excerpt":{"rendered":"<p>El pr\u00f2xim 12 de desembre el Tribunal de Just\u00edcia de la Uni\u00f3 Europea (TJUE), dictar\u00e0 sent\u00e8ncia sobre les cl\u00e0usules IRPH. La sent\u00e8ncia donar\u00e0 resposta a les q\u00fcestions prejudicials que la magistrada Eva Cer\u00f3n, titular del Jutjat de Primera Inst\u00e0ncia n\u00famero 8 de Donostia. Pot veure's aquesta q\u00fcesti\u00f3 prejudicial en aquest enlla\u00e7. Jos\u00e9 Mar\u00eda Erausquin un [&hellip;]<\/p>\n","protected":false},"author":7,"featured_media":4804,"comment_status":"open","ping_status":"open","sticky":false,"template":"","format":"standard","meta":{"_acf_changed":false,"content-type":"","inline_featured_image":false,"footnotes":""},"categories":[3],"tags":[],"class_list":["post-4806","post","type-post","status-publish","format-standard","has-post-thumbnail","hentry","category-uncategorized-ca"],"acf":[],"_links":{"self":[{"href":"https:\/\/advocatsferrer.com\/ca\/wp-json\/wp\/v2\/posts\/4806","targetHints":{"allow":["GET"]}}],"collection":[{"href":"https:\/\/advocatsferrer.com\/ca\/wp-json\/wp\/v2\/posts"}],"about":[{"href":"https:\/\/advocatsferrer.com\/ca\/wp-json\/wp\/v2\/types\/post"}],"author":[{"embeddable":true,"href":"https:\/\/advocatsferrer.com\/ca\/wp-json\/wp\/v2\/users\/7"}],"replies":[{"embeddable":true,"href":"https:\/\/advocatsferrer.com\/ca\/wp-json\/wp\/v2\/comments?post=4806"}],"version-history":[{"count":0,"href":"https:\/\/advocatsferrer.com\/ca\/wp-json\/wp\/v2\/posts\/4806\/revisions"}],"wp:featuredmedia":[{"embeddable":true,"href":"https:\/\/advocatsferrer.com\/ca\/wp-json\/wp\/v2\/media\/4804"}],"wp:attachment":[{"href":"https:\/\/advocatsferrer.com\/ca\/wp-json\/wp\/v2\/media?parent=4806"}],"wp:term":[{"taxonomy":"category","embeddable":true,"href":"https:\/\/advocatsferrer.com\/ca\/wp-json\/wp\/v2\/categories?post=4806"},{"taxonomy":"post_tag","embeddable":true,"href":"https:\/\/advocatsferrer.com\/ca\/wp-json\/wp\/v2\/tags?post=4806"}],"curies":[{"name":"wp","href":"https:\/\/api.w.org\/{rel}","templated":true}]}}