{"id":4499,"date":"2024-08-05T13:22:39","date_gmt":"2024-08-05T11:22:39","guid":{"rendered":"https:\/\/advocatsferrer.com\/?p=4499"},"modified":"2024-09-20T13:27:34","modified_gmt":"2024-09-20T11:27:34","slug":"cancellacio-del-deute","status":"publish","type":"post","link":"https:\/\/advocatsferrer.com\/ca\/cancellacio-del-deute\/","title":{"rendered":"Cas d'\u00e8xit: aconseguim la cancel\u00b7laci\u00f3 del deute del nostre client sense que hagi de perdre casa seva."},"content":{"rendered":"\n<p>Carmen, de Girona, va arribar en 2023 al nostre despatx amb 80.000\u20ac de deute de pr\u00e9stecs i targetes. El seu habitatge tenia un valor superior al deute hipotecari i rebia una n\u00f2mina mensual de prop de 2.000\u20ac.<\/p>\n\n\n\n<p>Pels seus par\u00e0metres econ\u00f2mics no li corresponia la cancel\u00b7laci\u00f3 del deute directe, i s'havia de veure obligada a pagar tot el deute que tenia amb quotes mensuals que superaven els 1.000\u20ac.<\/p>\n\n\n\n<p>El nostre equip va valorar la seva situaci\u00f3 econ\u00f2mica, tenint en compte els seus ingressos, els seus b\u00e9ns, les seves despeses mensuals i familiars, i optem per presentar el proc\u00e9s de Segona Oportunitat amb un Pla de pagaments, perqu\u00e8 pugui mantenir el seu habitatge, abonant nom\u00e9s un 15% total del deute i amb un pagament mensual de menys de 200\u20ac durant 5 anys.<\/p>\n\n\n\n<p>Amb aquest pagament mensual, Carmen s'assegura mantenir el seu habitatge habitual, poder continuar pagant la hipoteca i cancel\u00b7lar autom\u00e0ticament 68.000\u20ac de deute bancari.<\/p>\n\n\n\n<p>Amb la Llei de la Segona Oportunitat, pots cancel\u00b7lar tots els teus deutes sense necessitat d'haver de perdre el teu habitatge o b\u00e9ns.<\/p>\n\n\n\n<p><strong>Contacta amb nosaltres <\/strong>perqu\u00e8 puguem assessorar-te sobre la <a href=\"https:\/\/advocatsferrer.com\/ca\/eliminar-els-deutes-amb-la-llei-de-la-segona-oportunitat-en-nomes-4-mesos\/\" data-type=\"post\" data-id=\"1885\">Llei de la Segona Oportunitat<\/a> i ajudar-te a prendre la millor decisi\u00f3 segons el teu cas concret. Dissenyarem la millor estrat\u00e8gia per a liquidar tots els teus deutes i defensar l'habitatge habitual si aix\u00ed ho vols!<\/p>\n","protected":false},"excerpt":{"rendered":"<p>Carmen, de Girona, va arribar en 2023 al nostre despatx amb 80.000\u20ac de deute de pr\u00e9stecs i targetes. El seu habitatge tenia un valor superior al deute hipotecari i rebia una n\u00f2mina mensual de prop de 2.000\u20ac. Pels seus par\u00e0metres econ\u00f2mics no li corresponia la cancel\u00b7laci\u00f3 del deute directe, i s'havia de veure obligada a [&hellip;]<\/p>\n","protected":false},"author":6,"featured_media":4497,"comment_status":"open","ping_status":"open","sticky":false,"template":"","format":"standard","meta":{"_acf_changed":false,"content-type":"","inline_featured_image":false,"footnotes":""},"categories":[3],"tags":[],"class_list":["post-4499","post","type-post","status-publish","format-standard","has-post-thumbnail","hentry","category-uncategorized-ca"],"acf":[],"_links":{"self":[{"href":"https:\/\/advocatsferrer.com\/ca\/wp-json\/wp\/v2\/posts\/4499","targetHints":{"allow":["GET"]}}],"collection":[{"href":"https:\/\/advocatsferrer.com\/ca\/wp-json\/wp\/v2\/posts"}],"about":[{"href":"https:\/\/advocatsferrer.com\/ca\/wp-json\/wp\/v2\/types\/post"}],"author":[{"embeddable":true,"href":"https:\/\/advocatsferrer.com\/ca\/wp-json\/wp\/v2\/users\/6"}],"replies":[{"embeddable":true,"href":"https:\/\/advocatsferrer.com\/ca\/wp-json\/wp\/v2\/comments?post=4499"}],"version-history":[{"count":0,"href":"https:\/\/advocatsferrer.com\/ca\/wp-json\/wp\/v2\/posts\/4499\/revisions"}],"wp:featuredmedia":[{"embeddable":true,"href":"https:\/\/advocatsferrer.com\/ca\/wp-json\/wp\/v2\/media\/4497"}],"wp:attachment":[{"href":"https:\/\/advocatsferrer.com\/ca\/wp-json\/wp\/v2\/media?parent=4499"}],"wp:term":[{"taxonomy":"category","embeddable":true,"href":"https:\/\/advocatsferrer.com\/ca\/wp-json\/wp\/v2\/categories?post=4499"},{"taxonomy":"post_tag","embeddable":true,"href":"https:\/\/advocatsferrer.com\/ca\/wp-json\/wp\/v2\/tags?post=4499"}],"curies":[{"name":"wp","href":"https:\/\/api.w.org\/{rel}","templated":true}]}}