{"id":1882,"date":"2023-02-21T09:55:59","date_gmt":"2023-02-21T08:55:59","guid":{"rendered":"https:\/\/advocatsferrer.com\/un-caso-real-de-la-ley-de-la-segunda-oportunidad\/"},"modified":"2023-02-21T09:55:59","modified_gmt":"2023-02-21T08:55:59","slug":"un-caso-real-de-la-ley-de-la-segunda-oportunidad","status":"publish","type":"post","link":"https:\/\/advocatsferrer.com\/ca\/un-caso-real-de-la-ley-de-la-segunda-oportunidad\/","title":{"rendered":"Un cas real de la llei de la segona oportunitat"},"content":{"rendered":"<p><b>Matrimoni amb deutes de targetes de cr\u00e8dit i hipoteca. <\/b><span style=\"font-weight: 400;\">Uns clients van arribar molt preocupats un dia al despatx tenint entre tots dos un deute impossible de pagar. Devien a Caixabank 295.470 euros pel pr\u00e9stec hipotecari del seu habitatge, 35.000 euros m\u00e9s per diferents targetes de cr\u00e8dit amb Wizink, Caixabank i Bankinter..., m\u00e9s altres deutes derivats que un era aut\u00f2nom, entre ells de 6.000 euros amb Hisenda i 20.000 prove\u00efdors.<\/span><\/p>\n<p><span style=\"font-weight: 400;\">Els era impossible amb els seus salaris, afrontar les quotes de les targetes, pagar la hipoteca, atendre totes les despeses dels seus dos fills, sense risc de perdre la casa o rebre un embargament d'alguna empresa o banc.<\/span><\/p>\n<p>&nbsp;<\/p>\n<p><span style=\"font-weight: 400;\">Despr\u00e9s d'alguns mesos d'angoixa, els vam tramitar el procediment de la llei de la segona oportunitat i despr\u00e9s dels nervis a l'\u00faltima fase, en sol\u00b7licitar el BEPI i demostrar que no existien b\u00e9ns suficients per afrontar tot aquest deute, la satisfacci\u00f3 va ser m\u00e0xima quan el Jutge va declarar cancel\u00b7lat tot deute.<\/span><\/p>\n<p>&nbsp;<\/p>\n<p><span style=\"font-weight: 400;\">La casa que tenien valia menys que la hipoteca, per aix\u00f2 vam aconseguir mantenir la vivenda sense necessitat de vendre o liquidarla. Gr\u00e0cies a aquest pas van seguir pagant les quotes de la hipoteca, ara ja m\u00e9s c\u00f2modament en no existir ja els deutes de les targetes i de les empreses en haver estat cancel\u00b7lats pel jutge.<\/span><\/p>\n<p>&nbsp;<\/p>\n<p><span style=\"font-weight: 400;\">Aquest \u00e9s un exemple del que es pot aconseguir acollint-se a la llei de la segona oportunitat.<\/span><\/p>\n","protected":false},"excerpt":{"rendered":"<p>Matrimoni amb deutes de targetes de cr\u00e8dit i hipoteca. Uns clients van arribar molt preocupats un dia al despatx tenint entre tots dos un deute impossible de pagar. Devien a Caixabank 295.470 euros pel pr\u00e9stec hipotecari del seu habitatge, 35.000 euros m\u00e9s per diferents targetes de cr\u00e8dit amb Wizink, Caixabank i Bankinter..., m\u00e9s altres deutes [&hellip;]<\/p>\n","protected":false},"author":1,"featured_media":909,"comment_status":"closed","ping_status":"open","sticky":false,"template":"","format":"standard","meta":{"_acf_changed":false,"content-type":"","inline_featured_image":false,"footnotes":""},"categories":[],"tags":[],"class_list":["post-1882","post","type-post","status-publish","format-standard","has-post-thumbnail","hentry"],"acf":[],"_links":{"self":[{"href":"https:\/\/advocatsferrer.com\/ca\/wp-json\/wp\/v2\/posts\/1882","targetHints":{"allow":["GET"]}}],"collection":[{"href":"https:\/\/advocatsferrer.com\/ca\/wp-json\/wp\/v2\/posts"}],"about":[{"href":"https:\/\/advocatsferrer.com\/ca\/wp-json\/wp\/v2\/types\/post"}],"author":[{"embeddable":true,"href":"https:\/\/advocatsferrer.com\/ca\/wp-json\/wp\/v2\/users\/1"}],"replies":[{"embeddable":true,"href":"https:\/\/advocatsferrer.com\/ca\/wp-json\/wp\/v2\/comments?post=1882"}],"version-history":[{"count":0,"href":"https:\/\/advocatsferrer.com\/ca\/wp-json\/wp\/v2\/posts\/1882\/revisions"}],"wp:featuredmedia":[{"embeddable":true,"href":"https:\/\/advocatsferrer.com\/ca\/wp-json\/wp\/v2\/media\/909"}],"wp:attachment":[{"href":"https:\/\/advocatsferrer.com\/ca\/wp-json\/wp\/v2\/media?parent=1882"}],"wp:term":[{"taxonomy":"category","embeddable":true,"href":"https:\/\/advocatsferrer.com\/ca\/wp-json\/wp\/v2\/categories?post=1882"},{"taxonomy":"post_tag","embeddable":true,"href":"https:\/\/advocatsferrer.com\/ca\/wp-json\/wp\/v2\/tags?post=1882"}],"curies":[{"name":"wp","href":"https:\/\/api.w.org\/{rel}","templated":true}]}}