{"id":1871,"date":"2021-02-05T08:55:58","date_gmt":"2021-02-05T07:55:58","guid":{"rendered":"https:\/\/advocatsferrer.com\/encara-ets-a-temps-per-a-reclamar-les-despeses-dhipoteca\/"},"modified":"2021-02-05T08:56:31","modified_gmt":"2021-02-05T07:56:31","slug":"encara-ets-a-temps-per-a-reclamar-les-despeses-dhipoteca","status":"publish","type":"post","link":"https:\/\/advocatsferrer.com\/ca\/encara-ets-a-temps-per-a-reclamar-les-despeses-dhipoteca\/","title":{"rendered":"Encara ets a temps per a reclamar les despeses d'hipoteca"},"content":{"rendered":"<p><span style=\"font-weight: 400;\">No \u00e9s cert que a\u00a0Catalunya el termini per reclamar les <strong>despeses d'hipoteca<\/strong> s'esgoti el pr\u00f2xim 21 de gener de 2021, aix\u00f2 \u00e9s el que els agradaria als Bancs.\u00a0<\/span><\/p>\n<p><span style=\"font-weight: 400;\">Per als jutjats de Girona el termini \u00e9s imprescriptible, \u00e9s a dir, no prescriu mai, almenys \u00e9s el que l'Audi\u00e8ncia Provincial de Girona i el Jutjat especialitzat est\u00e0 sentenciant.<\/span><\/p>\n<p><span style=\"font-weight: 400;\">El mateix passa amb Tarragona i Lleida, que no limiten el termini per reclamar la cl\u00e0usula abusiva de despeses d'hipoteca o comissi\u00f3 d'obertura.<\/span><\/p>\n<p><span style=\"font-weight: 400;\">A Barcelona <strong>el termini \u00e9s de 10 anys<\/strong>, des que s'ha fet el pr\u00e9stec hipotecari. Per\u00f2 recordem que reclamacions com la cl\u00e0usula s\u00f2l, IRPH o comissi\u00f3 d\u2019obertura s\u00ed que es poden reclamar\u00a0 m\u00e9s enll\u00e0 de 10 anys.<\/span><\/p>\n<p><span style=\"font-weight: 400;\">Aix\u00ed que no feu cas de les not\u00edcies que s'han publicat perqu\u00e8 s'ha de consultar amb un advocat, cas a cas, <strong>es pot reclamar al Banc les despeses hipotec\u00e0ries.<\/strong><\/span><\/p>\n<h4><strong>Un consell d\u2019advocat:<\/strong><\/h4>\n<ul>\n<li><span style=\"font-weight: 400;\">Com a consell final, millor <a href=\"https:\/\/advocatsferrer.com\/contacte\/\">consultar a un advocat<\/a>, ja que la majoria et respondran a l'instant i sense cap cost i presentar una carta de reclamaci\u00f3 al banc perqu\u00e8 interromp la prescripci\u00f3.<\/span><\/li>\n<\/ul>\n<p><span style=\"font-weight: 400;\">La podeu descarregar aqu\u00ed: <\/span><a href=\"https:\/\/advocatsferrer.com\/wp-content\/uploads\/2021\/02\/00000CARTA-Reclamacio\u0301n-gastos-hipoteca-TJUE.pdf\"><b>CARTA DE RECLAMACI\u00d3 A EL BANC<\/b><\/a><\/p>\n","protected":false},"excerpt":{"rendered":"<p>No \u00e9s cert que a\u00a0Catalunya el termini per reclamar les despeses d'hipoteca s'esgoti el pr\u00f2xim 21 de gener de 2021, aix\u00f2 \u00e9s el que els agradaria als Bancs.\u00a0 Per als jutjats de Girona el termini \u00e9s imprescriptible, \u00e9s a dir, no prescriu mai, almenys \u00e9s el que l'Audi\u00e8ncia Provincial de Girona i el Jutjat especialitzat [&hellip;]<\/p>\n","protected":false},"author":1,"featured_media":875,"comment_status":"closed","ping_status":"open","sticky":false,"template":"","format":"standard","meta":{"_acf_changed":false,"content-type":"","inline_featured_image":false,"footnotes":""},"categories":[],"tags":[],"class_list":["post-1871","post","type-post","status-publish","format-standard","has-post-thumbnail","hentry"],"acf":[],"_links":{"self":[{"href":"https:\/\/advocatsferrer.com\/ca\/wp-json\/wp\/v2\/posts\/1871","targetHints":{"allow":["GET"]}}],"collection":[{"href":"https:\/\/advocatsferrer.com\/ca\/wp-json\/wp\/v2\/posts"}],"about":[{"href":"https:\/\/advocatsferrer.com\/ca\/wp-json\/wp\/v2\/types\/post"}],"author":[{"embeddable":true,"href":"https:\/\/advocatsferrer.com\/ca\/wp-json\/wp\/v2\/users\/1"}],"replies":[{"embeddable":true,"href":"https:\/\/advocatsferrer.com\/ca\/wp-json\/wp\/v2\/comments?post=1871"}],"version-history":[{"count":0,"href":"https:\/\/advocatsferrer.com\/ca\/wp-json\/wp\/v2\/posts\/1871\/revisions"}],"wp:featuredmedia":[{"embeddable":true,"href":"https:\/\/advocatsferrer.com\/ca\/wp-json\/wp\/v2\/media\/875"}],"wp:attachment":[{"href":"https:\/\/advocatsferrer.com\/ca\/wp-json\/wp\/v2\/media?parent=1871"}],"wp:term":[{"taxonomy":"category","embeddable":true,"href":"https:\/\/advocatsferrer.com\/ca\/wp-json\/wp\/v2\/categories?post=1871"},{"taxonomy":"post_tag","embeddable":true,"href":"https:\/\/advocatsferrer.com\/ca\/wp-json\/wp\/v2\/tags?post=1871"}],"curies":[{"name":"wp","href":"https:\/\/api.w.org\/{rel}","templated":true}]}}