{"id":1867,"date":"2020-07-05T20:58:00","date_gmt":"2020-07-05T18:58:00","guid":{"rendered":"https:\/\/advocatsferrer.com\/aquesta-setmana-es-decideix-sobre-les-renuncies-a-reclamar-la-clausula-sol\/"},"modified":"2020-07-05T20:52:11","modified_gmt":"2020-07-05T18:52:11","slug":"aquesta-setmana-es-decideix-sobre-les-renuncies-a-reclamar-la-clausula-sol","status":"publish","type":"post","link":"https:\/\/advocatsferrer.com\/ca\/aquesta-setmana-es-decideix-sobre-les-renuncies-a-reclamar-la-clausula-sol\/","title":{"rendered":"Aquesta setmana es decideix sobre les ren\u00fancies a reclamar la cl\u00e0usula s\u00f2l"},"content":{"rendered":"<p style=\"text-align: justify;\"><span style=\"font-weight: 400;\">S\u00f3n v\u00e0lides aquestes ren\u00fancies a reclamar? El dijous <\/span><a href=\"http:\/\/curia.europa.eu\/juris\/document\/document.jsf?text=&amp;docid=222898&amp;pageIndex=0&amp;doclang=es&amp;mode=req&amp;dir=&amp;occ=first&amp;part=1&amp;cid=7948036\" target=\"_blank\" rel=\"noopener noreferrer\"><span style=\"font-weight: 400;\">9 de juliol de 2020 el Tribunal de Just\u00edcia de la Uni\u00f3 Europea<\/span><\/a><span style=\"font-weight: 400;\"> decidir\u00e0 qu\u00e8 \u00e9s el que passa amb els clients als quals el Banc va enganyar dues vegades. La primera vegada, durant els anys 2004-2011 col\u00b7locant en el pr\u00e9stec amb hipoteca una cl\u00e0usula s\u00f2l, sense explicar tot el que es perdria amb la imminent caiguda de l'Eur\u00edbor.<\/span><\/p>\n<p style=\"text-align: justify;\"><span style=\"font-weight: 400;\">El segon engany durant els anys 2013-2016 aprofitant-se del desig del client de veure baixar la seva quota i fent-li una ren\u00fancia a reclamar per la cl\u00e0usula s\u00f2l.<\/span><\/p>\n<h3><span style=\"font-weight: 400;\">Contractes amb ren\u00fancia poc transparents.<\/span><\/h3>\n<p style=\"text-align: justify;\"><span style=\"font-weight: 400;\">Un exemple de contracte engany de Banc de Sabadell o del Popular ho pots consultar <\/span><a href=\"https:\/\/advocatsferrer.com\/wp-content\/uploads\/2014\/12\/Propuesta-BANCO-DE-SABADELL-rebaja-clausula-suelo.pdf\" target=\"_blank\" rel=\"noopener noreferrer\"><span style=\"font-weight: 400;\">aqu\u00ed.<\/span><\/a><\/p>\n<p><span style=\"font-weight: 400;\">Si has signat aquest tipus de contracte, el m\u00e9s prudent era detenir temporalment la reclamaci\u00f3 per\u00f2 aquest dijous 9 de juliol se sabr\u00e0 si reactivar-la.<\/span><\/p>\n<h3><span style=\"font-weight: 400;\">Qu\u00e8 dir\u00e0 el Tribunal Europeu sobre les ren\u00fancies?<\/span><\/h3>\n<p style=\"text-align: justify;\"><span style=\"font-weight: 400;\">\u00c9s altament probable que el Tribunal Europeu anul\u00b7li aquest tipus de contractes de ren\u00fancia respecte a la cl\u00e0usula s\u00f2l, quan no se'ns van explicar les conseq\u00fc\u00e8ncies econ\u00f2miques de signar aquesta cl\u00e0usula. Per exemple, sobre la quantitat concreta a la qual s'estava renunciant, si eren 6.000 euros o 15.000 euros.<\/span><\/p>\n<p style=\"text-align: justify;\"><b>Contractes poc transparents.<\/b><span style=\"font-weight: 400;\"> D'entre tots els contractes de ren\u00fancia dels nostres clients que hem vist en el nostre despatx d'advocats, ni un de sol apareixia la quantitat concreta a la qual el consumidor estava renunciant a reclamar. Per aix\u00f2, opinem que qui hagi signat aquest tipus de contractes, despr\u00e9s de la sent\u00e8ncia pot reclamar al Banc que li tornin el pagat de m\u00e9s per la cl\u00e0usula s\u00f2l i sense importar la ren\u00fancia signada.<\/span><\/p>\n","protected":false},"excerpt":{"rendered":"<p>S\u00f3n v\u00e0lides aquestes ren\u00fancies a reclamar? El dijous 9 de juliol de 2020 el Tribunal de Just\u00edcia de la Uni\u00f3 Europea decidir\u00e0 qu\u00e8 \u00e9s el que passa amb els clients als quals el Banc va enganyar dues vegades. La primera vegada, durant els anys 2004-2011 col\u00b7locant en el pr\u00e9stec amb hipoteca una cl\u00e0usula s\u00f2l, sense [&hellip;]<\/p>\n","protected":false},"author":1,"featured_media":857,"comment_status":"closed","ping_status":"open","sticky":false,"template":"","format":"standard","meta":{"_acf_changed":false,"content-type":"","inline_featured_image":false,"footnotes":""},"categories":[],"tags":[],"class_list":["post-1867","post","type-post","status-publish","format-standard","has-post-thumbnail","hentry"],"acf":[],"_links":{"self":[{"href":"https:\/\/advocatsferrer.com\/ca\/wp-json\/wp\/v2\/posts\/1867","targetHints":{"allow":["GET"]}}],"collection":[{"href":"https:\/\/advocatsferrer.com\/ca\/wp-json\/wp\/v2\/posts"}],"about":[{"href":"https:\/\/advocatsferrer.com\/ca\/wp-json\/wp\/v2\/types\/post"}],"author":[{"embeddable":true,"href":"https:\/\/advocatsferrer.com\/ca\/wp-json\/wp\/v2\/users\/1"}],"replies":[{"embeddable":true,"href":"https:\/\/advocatsferrer.com\/ca\/wp-json\/wp\/v2\/comments?post=1867"}],"version-history":[{"count":0,"href":"https:\/\/advocatsferrer.com\/ca\/wp-json\/wp\/v2\/posts\/1867\/revisions"}],"wp:featuredmedia":[{"embeddable":true,"href":"https:\/\/advocatsferrer.com\/ca\/wp-json\/wp\/v2\/media\/857"}],"wp:attachment":[{"href":"https:\/\/advocatsferrer.com\/ca\/wp-json\/wp\/v2\/media?parent=1867"}],"wp:term":[{"taxonomy":"category","embeddable":true,"href":"https:\/\/advocatsferrer.com\/ca\/wp-json\/wp\/v2\/categories?post=1867"},{"taxonomy":"post_tag","embeddable":true,"href":"https:\/\/advocatsferrer.com\/ca\/wp-json\/wp\/v2\/tags?post=1867"}],"curies":[{"name":"wp","href":"https:\/\/api.w.org\/{rel}","templated":true}]}}