{"id":1846,"date":"2018-06-11T19:40:43","date_gmt":"2018-06-11T17:40:43","guid":{"rendered":"https:\/\/advocatsferrer.com\/el-jutjat-de-girona-saturat-per-demandes-de-clausules-sol\/"},"modified":"2018-06-11T19:37:28","modified_gmt":"2018-06-11T17:37:28","slug":"el-jutjat-de-girona-saturat-per-demandes-de-clausules-sol","status":"publish","type":"post","link":"https:\/\/advocatsferrer.com\/ca\/el-jutjat-de-girona-saturat-per-demandes-de-clausules-sol\/","title":{"rendered":"El jutjat de Girona saturat per demandes de cl\u00e0usules s\u00f2l"},"content":{"rendered":"<p style=\"text-align: justify;\">Mesures per alleujar el \"col\u00b7lapse important\" del Jutjat de primera inst\u00e0ncia 3 de Girona, especialitzat en <strong>cl\u00e0usules s\u00f2l<\/strong>. El president del Tribunal Superior de Just\u00edcia de Catalunya (TSJC), Jes\u00fas M. Barrientos, ha detallat que aquest jutjat, que assumeix els casos de tota la demarcaci\u00f3, ha patit un \"allau\" de demandes des de juny de l'any passat que han comportat un \"retard en la capacitat de resposta\". En concret, en 11 mesos ha registrat unes 2.200 demandes per litigis amb les condicions generals dels pr\u00e9stecs hipotecaris. Una situaci\u00f3 que, segons Barrientos, es viu en tots els jutjats que han assumit aquests casos des del juny passat.<\/p>\n<p style=\"text-align: justify;\">Per aix\u00f2, la sala de govern del TSJC ha aprovat assignar un jutge de refor\u00e7 a Girona, que s'incorporar\u00e0 el 2 de juliol. \"Des d'aquesta data i fins a finals d'any, el jutjat podr\u00e0 doblar l'agenda perqu\u00e8 comptar\u00e0 amb dos jutges: el titular actual i el de refor\u00e7\". Barrientos espera que aquesta mesura \"ajudi\" a accelerar la tramitaci\u00f3 i a donar sortida a \"un volum tan important de demandes\".<\/p>\n<p style=\"text-align: justify;\">El president del TSJC,\u00a0Jes\u00fas M. Barrientos, ha lamentat que els jutjats especialitzats assumissin aquest volum de treball amb una \"clar\u00edssima i deficit\u00e0ria dotaci\u00f3 de personal\" perqu\u00e8, en el cas de Girona, l'oficina judicial no va comptar amb el refor\u00e7 de dos funcionaris en prolongaci\u00f3 de jornada fins al novembre passat. A m\u00e9s, fins al gener d'aquest any, els jutjats de cl\u00e0usules s\u00f2l encara havien de compatibilitzar aquestes demandes amb les ordin\u00e0ries en mat\u00e8ria civil. Aix\u00f2 ha provocat que, \"al jutjat de Girona, igual que a tots, estiguin tenint col\u00b7lapses importants i retards perqu\u00e8 hi ha hagut una allau a l'entrada de demandes\", ha ressaltat Barrientos.<\/p>\n<p style=\"text-align: justify;\">Barrientos reconeix que el pla d'especialitzaci\u00f3 dels jutjats de cl\u00e0usules s\u00f2l \"sempre ha estat contestat\" pels col\u00b7legis d'advocats i procuradors. \"Han recorregut l'acord a la jurisdicci\u00f3 contenciosa. Per tant, mentre que no es resolguin els recursos no sabrem qu\u00e8 passar\u00e0 amb aquest pla \", ha destacat el president del TSJC que afegeix que\" avui dia \", i fins que hi hagi resoluci\u00f3, busquen la millor f\u00f3rmula per\" gestionar \"la sobrec\u00e0rrega que estan patint aquests jutjats, busquen la millor f\u00f3rmula per \"gestionar\" la sobrec\u00e0rrega que estan patint aquests jutjats, que fins el juny passat eren els que \"funcionaven millor\" a cada demarcaci\u00f3.<\/p>\n<p style=\"text-align: right;\">FONT: <em>la vanguardia<\/em><\/p>\n","protected":false},"excerpt":{"rendered":"<p>Mesures per alleujar el \"col\u00b7lapse important\" del Jutjat de primera inst\u00e0ncia 3 de Girona, especialitzat en cl\u00e0usules s\u00f2l. El president del Tribunal Superior de Just\u00edcia de Catalunya (TSJC), Jes\u00fas M. Barrientos, ha detallat que aquest jutjat, que assumeix els casos de tota la demarcaci\u00f3, ha patit un \"allau\" de demandes des de juny de l'any [&hellip;]<\/p>\n","protected":false},"author":1,"featured_media":769,"comment_status":"closed","ping_status":"open","sticky":false,"template":"","format":"standard","meta":{"_acf_changed":false,"content-type":"","inline_featured_image":false,"footnotes":""},"categories":[],"tags":[],"class_list":["post-1846","post","type-post","status-publish","format-standard","has-post-thumbnail","hentry"],"acf":[],"_links":{"self":[{"href":"https:\/\/advocatsferrer.com\/ca\/wp-json\/wp\/v2\/posts\/1846","targetHints":{"allow":["GET"]}}],"collection":[{"href":"https:\/\/advocatsferrer.com\/ca\/wp-json\/wp\/v2\/posts"}],"about":[{"href":"https:\/\/advocatsferrer.com\/ca\/wp-json\/wp\/v2\/types\/post"}],"author":[{"embeddable":true,"href":"https:\/\/advocatsferrer.com\/ca\/wp-json\/wp\/v2\/users\/1"}],"replies":[{"embeddable":true,"href":"https:\/\/advocatsferrer.com\/ca\/wp-json\/wp\/v2\/comments?post=1846"}],"version-history":[{"count":0,"href":"https:\/\/advocatsferrer.com\/ca\/wp-json\/wp\/v2\/posts\/1846\/revisions"}],"wp:featuredmedia":[{"embeddable":true,"href":"https:\/\/advocatsferrer.com\/ca\/wp-json\/wp\/v2\/media\/769"}],"wp:attachment":[{"href":"https:\/\/advocatsferrer.com\/ca\/wp-json\/wp\/v2\/media?parent=1846"}],"wp:term":[{"taxonomy":"category","embeddable":true,"href":"https:\/\/advocatsferrer.com\/ca\/wp-json\/wp\/v2\/categories?post=1846"},{"taxonomy":"post_tag","embeddable":true,"href":"https:\/\/advocatsferrer.com\/ca\/wp-json\/wp\/v2\/tags?post=1846"}],"curies":[{"name":"wp","href":"https:\/\/api.w.org\/{rel}","templated":true}]}}