{"id":1843,"date":"2018-04-12T14:30:14","date_gmt":"2018-04-12T12:30:14","guid":{"rendered":"https:\/\/advocatsferrer.com\/un-jutjat-doviedo-anulla-una-compra-daccions-del-banc-popular\/"},"modified":"2018-04-12T14:27:00","modified_gmt":"2018-04-12T12:27:00","slug":"un-jutjat-doviedo-anulla-una-compra-daccions-del-banc-popular","status":"publish","type":"post","link":"https:\/\/advocatsferrer.com\/ca\/un-jutjat-doviedo-anulla-una-compra-daccions-del-banc-popular\/","title":{"rendered":"Un jutjat d'Oviedo anul\u00b7la una compra d'accions del Banc Popular"},"content":{"rendered":"<p style=\"text-align: justify;\">El Jutjat de Primera Inst\u00e0ncia n\u00famero 11 d'Oviedo ha dictat una sent\u00e8ncia en la qual anul\u00b7la una <strong>compra d'accions del Banc Popular<\/strong> dins de l'ampliaci\u00f3 de capital duta a terme el 2016, aix\u00ed com tres adquisicions posteriors.<\/p>\n<p style=\"text-align: justify;\">La resoluci\u00f3 judicial, contra la que cap recurs, condemna a l'entitat financera i anul\u00b7la la compra de 5.000 accions realitzada pel denunciant entre juny i novembre de 2016 per import de 5.454 euros, a m\u00e9s d'obligar al Popular a retornar aquesta quantitat m\u00e9s interessos.<\/p>\n<p style=\"text-align: justify;\">El demandant haur\u00e0 de lliurar els t\u00edtols rebuts i abonar al banc l'import dels rendiments de qualsevol tipus obtingudes d'ells m\u00e9s l'inter\u00e8s legal meritat des del pagament.<\/p>\n<p style=\"text-align: justify;\">La sent\u00e8ncia assenyala que existia una \"notable difer\u00e8ncia\" entre la situaci\u00f3 patrimonial i financera del Banc Popular, que va determinar la seva intervenci\u00f3 mesos despr\u00e9s, i l'expressada en el fullet de l'oferta p\u00fablica \"on s'erigia en el banc m\u00e9s rendible del mercat espanyol, si b\u00e9 en atenci\u00f3 a determinats par\u00e0metres \".<\/p>\n<p style=\"text-align: justify;\">Incideix que aquesta informaci\u00f3 \"falsejada o irregular\" va dur el demandant a fer-se una representaci\u00f3 equivocada de la rendibilitat de la seva inversi\u00f3, at\u00e8s que, sense soluci\u00f3 de continu\u00eftat des de la finalitzaci\u00f3 de l'oferta, el banc va revelar una situaci\u00f3 \"netament diferent\" fins que va ser intervinguda i venuda per un euro a una altra entitat, amb p\u00e8rdua \u00edntegra de la inversi\u00f3 de l'actor.<\/p>\n<p style=\"text-align: justify;\">Assenyala que el demandant, d'haver tingut coneixement de l'estat real de la societat, no hi hauria invertit els seus estalvis i que no tenia mitjans per con\u00e8ixer quina era la real situaci\u00f3 comptable en ser un petit inversor \"sense coneixement financers\".<\/p>\n<p style=\"text-align: justify;\">Aix\u00ed mateix, adverteix que no es pot estimar l'argument de la que l'actuaci\u00f3 del banc va ser aprovada per la CNMV, at\u00e8s que la superaci\u00f3 dels controls dels organismes supervisors i de la normativa sectorial \"no afegeix res\" al fet que el popular present\u00e9s als potencials compradors d'accions \"una imatge de solv\u00e8ncia que no s'ajustava cap manera a la realitat\".<\/p>\n<p style=\"text-align: justify;\">El tribunal recorda que el demandant, nascut el 1949, t\u00e9 estudis de batxiller elemental, va treballar com a Policia Nacional fins a la seva jubilaci\u00f3 l'any 2014 i va ser client durant m\u00e9s de trenta anys del Popular on tenia els seus estalvis en imposicions a termini, fons d'inversi\u00f3, pla de pensions i una petita quantitat en accions.<\/p>\n<p style=\"text-align: right;\">Font: <em>El Mundo economia<\/em><\/p>\n","protected":false},"excerpt":{"rendered":"<p>El Jutjat de Primera Inst\u00e0ncia n\u00famero 11 d'Oviedo ha dictat una sent\u00e8ncia en la qual anul\u00b7la una compra d'accions del Banc Popular dins de l'ampliaci\u00f3 de capital duta a terme el 2016, aix\u00ed com tres adquisicions posteriors. La resoluci\u00f3 judicial, contra la que cap recurs, condemna a l'entitat financera i anul\u00b7la la compra de 5.000 [&hellip;]<\/p>\n","protected":false},"author":1,"featured_media":756,"comment_status":"closed","ping_status":"open","sticky":false,"template":"","format":"standard","meta":{"_acf_changed":false,"content-type":"","inline_featured_image":false,"footnotes":""},"categories":[],"tags":[],"class_list":["post-1843","post","type-post","status-publish","format-standard","has-post-thumbnail","hentry"],"acf":[],"_links":{"self":[{"href":"https:\/\/advocatsferrer.com\/ca\/wp-json\/wp\/v2\/posts\/1843","targetHints":{"allow":["GET"]}}],"collection":[{"href":"https:\/\/advocatsferrer.com\/ca\/wp-json\/wp\/v2\/posts"}],"about":[{"href":"https:\/\/advocatsferrer.com\/ca\/wp-json\/wp\/v2\/types\/post"}],"author":[{"embeddable":true,"href":"https:\/\/advocatsferrer.com\/ca\/wp-json\/wp\/v2\/users\/1"}],"replies":[{"embeddable":true,"href":"https:\/\/advocatsferrer.com\/ca\/wp-json\/wp\/v2\/comments?post=1843"}],"version-history":[{"count":0,"href":"https:\/\/advocatsferrer.com\/ca\/wp-json\/wp\/v2\/posts\/1843\/revisions"}],"wp:featuredmedia":[{"embeddable":true,"href":"https:\/\/advocatsferrer.com\/ca\/wp-json\/wp\/v2\/media\/756"}],"wp:attachment":[{"href":"https:\/\/advocatsferrer.com\/ca\/wp-json\/wp\/v2\/media?parent=1843"}],"wp:term":[{"taxonomy":"category","embeddable":true,"href":"https:\/\/advocatsferrer.com\/ca\/wp-json\/wp\/v2\/categories?post=1843"},{"taxonomy":"post_tag","embeddable":true,"href":"https:\/\/advocatsferrer.com\/ca\/wp-json\/wp\/v2\/tags?post=1843"}],"curies":[{"name":"wp","href":"https:\/\/api.w.org\/{rel}","templated":true}]}}