{"id":1839,"date":"2018-01-20T13:59:55","date_gmt":"2018-01-20T12:59:55","guid":{"rendered":"https:\/\/advocatsferrer.com\/cgpj-reforca-jutjats-demandes-clausula-sol\/"},"modified":"2018-01-20T13:56:09","modified_gmt":"2018-01-20T12:56:09","slug":"cgpj-reforca-jutjats-demandes-clausula-sol","status":"publish","type":"post","link":"https:\/\/advocatsferrer.com\/ca\/cgpj-reforca-jutjats-demandes-clausula-sol\/","title":{"rendered":"El CGPJ refor\u00e7a els jutjats per a les demandes per cl\u00e0usula s\u00f2l"},"content":{"rendered":"<p style=\"text-align: justify;\">Augmenta el nombre de seus judicials i algunes es dedicaran en exclusiva. El nombre de demandes ha superat les 156.800 a tota Espanya a finals d'aquest any.<\/p>\n<p style=\"text-align: justify;\">La Comissi\u00f3 Permanent del Consell General del Poder Judicial (CGPJ) ha aprovat aquest passat desembre el disseny del nou pla d'especialitzaci\u00f3 de jutjats per afrontar les demandes individuals presentades contra, entre altres productes bancaris, els quals inclouen les <strong>cl\u00e0usules s\u00f2l. <\/strong>Entrar\u00e0 en vigor el pr\u00f2xim 1 de gener per als pr\u00f2xims sis mesos.<\/p>\n<p style=\"text-align: justify;\">El pla substitueix al que es va posar en marxa l'1 de juny, amb l'especialitzaci\u00f3 de 54 jutjats de Primera Inst\u00e0ncia -un per prov\u00edncia a la Pen\u00ednsula i un a les principals illes dels arxip\u00e8lags canaris i balears-, que en els \u00faltims set mesos han conegut de manera exclusiva i no excloent d'aquesta classe d'assumptes, que es refereixen, entre altres, a cl\u00e0usules s\u00f2l, venciment anticipat, interessos morat\u00f2ries, despesa de formalitzaci\u00f3 d'hipoteca o <a href=\"https:\/\/advocatsferrer.com\/reclamacio-hipoteca-multidivisa\/\" target=\"_blank\" rel=\"noopener\"><strong>hipoteques multidivisa<\/strong><\/a>.<\/p>\n<p style=\"text-align: justify;\">L'adopci\u00f3 d'un nou pla respon a l'evoluci\u00f3 que han seguit aquests assumptes, que a data de 17 de desembre arribava a un total de 156.862 demandes a tot el territori nacional, la qual cosa suposa una c\u00e0rrega inassumible per als jutjats, malgrat la propera entrada en funcionament de 77 jutjats creats i constitu\u00efts el 2017.<\/p>\n<p><strong>Mig centenar m\u00e9s de jutges<\/strong><\/p>\n<p style=\"text-align: justify;\">El nou pla permetr\u00e0, mantenint l'atribuci\u00f3 de la compet\u00e8ncia exclusiva a determinats jutjats, establir, en el seu cas, tamb\u00e9 l'exclusiu en aquelles prov\u00edncies en qu\u00e8 l'impacte del repartiment de la resta d'assumptes entre els \u00f2rgans judicials de l'ordre civil ho permeti. Aix\u00ed, el nombre de jutges augmentar\u00e0 en gaireb\u00e9 mig centenar.<\/p>\n<p style=\"text-align: justify;\">La Comissi\u00f3 Permanent ha establert que els Jutjats tindran compet\u00e8ncia exclusiva i excloent, i les Sales de Govern dels respectius Tribunals Superiors de Just\u00edcia determinen quins estan exemptes del repartiment ordinari. En algunes prov\u00edncies, la mat\u00e8ria objecte d'especialitzaci\u00f3 ser\u00e0 assumida pels jutjats de nova creaci\u00f3. El pla ha comptat amb el vot en contra del vocal Fernando Grande-Marlaska i ha anunciat la formulaci\u00f3 d'un vot particular.<\/p>\n<p><strong>A Catalunya<\/strong><\/p>\n<p style=\"text-align: justify;\">Els jutjats especialitzats a Catalunya ser\u00e0 el Jutjat de Primera Inst\u00e0ncia n\u00famero 50 de Barcelona de manera exclusiva i exclusiva en mat\u00e8ria civil mantenint les compet\u00e8ncies de persones f\u00edsiques; el Jutjat de Primera Inst\u00e0ncia n\u00famero 3 de Girona de manera exclusiva i excloent; el Jutjat de Primera Inst\u00e0ncia i Mercantil n\u00famero 6 de Lleida de manera exclusiva i excloent en mat\u00e8ria civil, i el Jutjat de Primera Inst\u00e0ncia n\u00ba 8 de Tarragona de manera exclusiva i excloent.<\/p>\n<p style=\"text-align: right;\"><em>Font<\/em>: El peri\u00f3dico<\/p>\n","protected":false},"excerpt":{"rendered":"<p>Augmenta el nombre de seus judicials i algunes es dedicaran en exclusiva. El nombre de demandes ha superat les 156.800 a tota Espanya a finals d'aquest any. La Comissi\u00f3 Permanent del Consell General del Poder Judicial (CGPJ) ha aprovat aquest passat desembre el disseny del nou pla d'especialitzaci\u00f3 de jutjats per afrontar les demandes individuals [&hellip;]<\/p>\n","protected":false},"author":1,"featured_media":739,"comment_status":"closed","ping_status":"open","sticky":false,"template":"","format":"standard","meta":{"_acf_changed":false,"content-type":"","inline_featured_image":false,"footnotes":""},"categories":[],"tags":[],"class_list":["post-1839","post","type-post","status-publish","format-standard","has-post-thumbnail","hentry"],"acf":[],"_links":{"self":[{"href":"https:\/\/advocatsferrer.com\/ca\/wp-json\/wp\/v2\/posts\/1839","targetHints":{"allow":["GET"]}}],"collection":[{"href":"https:\/\/advocatsferrer.com\/ca\/wp-json\/wp\/v2\/posts"}],"about":[{"href":"https:\/\/advocatsferrer.com\/ca\/wp-json\/wp\/v2\/types\/post"}],"author":[{"embeddable":true,"href":"https:\/\/advocatsferrer.com\/ca\/wp-json\/wp\/v2\/users\/1"}],"replies":[{"embeddable":true,"href":"https:\/\/advocatsferrer.com\/ca\/wp-json\/wp\/v2\/comments?post=1839"}],"version-history":[{"count":0,"href":"https:\/\/advocatsferrer.com\/ca\/wp-json\/wp\/v2\/posts\/1839\/revisions"}],"wp:featuredmedia":[{"embeddable":true,"href":"https:\/\/advocatsferrer.com\/ca\/wp-json\/wp\/v2\/media\/739"}],"wp:attachment":[{"href":"https:\/\/advocatsferrer.com\/ca\/wp-json\/wp\/v2\/media?parent=1839"}],"wp:term":[{"taxonomy":"category","embeddable":true,"href":"https:\/\/advocatsferrer.com\/ca\/wp-json\/wp\/v2\/categories?post=1839"},{"taxonomy":"post_tag","embeddable":true,"href":"https:\/\/advocatsferrer.com\/ca\/wp-json\/wp\/v2\/tags?post=1839"}],"curies":[{"name":"wp","href":"https:\/\/api.w.org\/{rel}","templated":true}]}}