{"id":1833,"date":"2017-10-18T13:23:40","date_gmt":"2017-10-18T11:23:40","guid":{"rendered":"https:\/\/advocatsferrer.com\/presentada-primera-demanda-civil-contra-popular\/"},"modified":"2017-10-18T13:17:41","modified_gmt":"2017-10-18T11:17:41","slug":"presentada-primera-demanda-civil-contra-popular","status":"publish","type":"post","link":"https:\/\/advocatsferrer.com\/ca\/presentada-primera-demanda-civil-contra-popular\/","title":{"rendered":"Presentada la primera demanda civil contra el Popular"},"content":{"rendered":"<p style=\"text-align: justify;\">La entitat financera va col\u00b7locar un paquet d'accions a una companyia de reciclatge de residus que va sol\u00b7licitar un pr\u00e9stec de 100.000 euros per adquirir un cami\u00f3 poc abans de l'ampliaci\u00f3 de capital de 2016.<\/p>\n<p style=\"text-align: justify;\">Ha estat presentada en un jutjat de primera inst\u00e0ncia de Madrid una demanda de judici ordinari contra el Banc Popular. Es tracta de la primera demanda civil contra l'entitat financera que entre els dies 6 i 7 del passat mes de juny va ser intervenida i adquirida per Santander, ocasionant la total destalada de la seva inversi\u00f3 a milers d'accionistes.<\/p>\n<p style=\"text-align: justify;\">Nombrosos clients de <strong>Popular<\/strong> expliquen que el passat any al sol\u00b7licitar un pr\u00e9stec es van col\u00b7locar accions de l'ampliaci\u00f3 de capital.<\/p>\n<p style=\"text-align: justify;\">En l'oficina banc\u00e0ria on el demandant va demanar aquesta quantitat, al mateix temps que comptaven nombrosos clients que per aquestes dates van acudir al <strong>Popular<\/strong>, que preparava una ampliaci\u00f3 de capital per 2.500 milions d'euros, es va col\u00b7locar un paquet d'accions amb un total cost proper als 10.000 euros, al temps que se li va concedir el pr\u00e9stec requerit.<\/p>\n<p style=\"text-align: justify;\"><strong>Banco Popular<\/strong>, amb motiu de l'ampliaci\u00f3 de capital de 2.500 milions, va explicar en el fullet de l'operaci\u00f3 que estimava uns 2.000 milions de d\u00f2lars en aquest exercici. Tot i aix\u00ed, les p\u00e8rdues que finalment va comunicar el banc, sent ja presidit per Emilio Saracho, van ser molt superiors a 3.485 milions d'euros. A l'abril d'aquest any, Popular va comunicar a la Comissi\u00f3 Nacional del Mercat de Valors una s\u00e8rie d'errors detectats en les comptes que van incrementar encara m\u00e9s les p\u00e8rdues anuals, fins als 3.608 milions.<\/p>\n<p style=\"text-align: justify;\">La demanda presentada es basa en aquesta informaci\u00f3 falsa o err\u00f2nia que Popular va donar als compradors d'accions que van acudir a l'ampliaci\u00f3 de capital el passat any, comunicant una estimaci\u00f3 de p\u00e8rdues molt inferior a la que va ser. A m\u00e9s la demanda recorda que al maig de 2016 Popular va arribar a informar que a partir de 2017 es reprendria la pol\u00edtica de dividends que \u00c1ngel Ron va fer per aquestes mateixes dates unes declaracions en les quals va dir que el 2018 que \"haur\u00edem de lliurar en met\u00e0l\u00b7lic el 40% del benefici\".<\/p>\n<p style=\"text-align: justify;\">La representaci\u00f3 legal de la companyia de camions demandant sost\u00e9 que el seu client va ser enganyat al subscriure les accions que li va col\u00b7locar al sol\u00b7licitar el pr\u00e9stec de 100.000 euros. La companyia en q\u00fcesti\u00f3 mai abans havia adquirit accions de cap classe. La demanda sol\u00b7licita la devoluci\u00f3 de la quantitat pagada per adquirir les accions de Popular m\u00e9s els seus interessos legals i es condemna al banc al pagament de les costes del judici.<\/p>\n<p style=\"text-align: justify;\">La demanda inclou, com jurisprud\u00e8ncia, sent\u00e8ncies per l'entrada a la Borsa de Bancs a favor dels demandants. Felipe Izquierdo sost\u00e9 que en base als fets narrats ia les sent\u00e8ncies per Bankia, les demandes civils contra Popular de clients que compren accions en l'ampliaci\u00f3 de capital de 2016 s\u00f3n \"demandes guanyadores\". Previsiblement les demandes civils contra Popular es multiplicaran en els jutjats.<\/p>\n","protected":false},"excerpt":{"rendered":"<p>La entitat financera va col\u00b7locar un paquet d'accions a una companyia de reciclatge de residus que va sol\u00b7licitar un pr\u00e9stec de 100.000 euros per adquirir un cami\u00f3 poc abans de l'ampliaci\u00f3 de capital de 2016. Ha estat presentada en un jutjat de primera inst\u00e0ncia de Madrid una demanda de judici ordinari contra el Banc Popular. [&hellip;]<\/p>\n","protected":false},"author":1,"featured_media":722,"comment_status":"closed","ping_status":"open","sticky":false,"template":"","format":"standard","meta":{"_acf_changed":false,"content-type":"","inline_featured_image":false,"footnotes":""},"categories":[],"tags":[],"class_list":["post-1833","post","type-post","status-publish","format-standard","has-post-thumbnail","hentry"],"acf":[],"_links":{"self":[{"href":"https:\/\/advocatsferrer.com\/ca\/wp-json\/wp\/v2\/posts\/1833","targetHints":{"allow":["GET"]}}],"collection":[{"href":"https:\/\/advocatsferrer.com\/ca\/wp-json\/wp\/v2\/posts"}],"about":[{"href":"https:\/\/advocatsferrer.com\/ca\/wp-json\/wp\/v2\/types\/post"}],"author":[{"embeddable":true,"href":"https:\/\/advocatsferrer.com\/ca\/wp-json\/wp\/v2\/users\/1"}],"replies":[{"embeddable":true,"href":"https:\/\/advocatsferrer.com\/ca\/wp-json\/wp\/v2\/comments?post=1833"}],"version-history":[{"count":0,"href":"https:\/\/advocatsferrer.com\/ca\/wp-json\/wp\/v2\/posts\/1833\/revisions"}],"wp:featuredmedia":[{"embeddable":true,"href":"https:\/\/advocatsferrer.com\/ca\/wp-json\/wp\/v2\/media\/722"}],"wp:attachment":[{"href":"https:\/\/advocatsferrer.com\/ca\/wp-json\/wp\/v2\/media?parent=1833"}],"wp:term":[{"taxonomy":"category","embeddable":true,"href":"https:\/\/advocatsferrer.com\/ca\/wp-json\/wp\/v2\/categories?post=1833"},{"taxonomy":"post_tag","embeddable":true,"href":"https:\/\/advocatsferrer.com\/ca\/wp-json\/wp\/v2\/tags?post=1833"}],"curies":[{"name":"wp","href":"https:\/\/api.w.org\/{rel}","templated":true}]}}