{"id":1832,"date":"2017-09-18T08:32:23","date_gmt":"2017-09-18T06:32:23","guid":{"rendered":"https:\/\/advocatsferrer.com\/tribunals-estimen-reclamacions-clausula-sol-previament-rebutjades-pels-bancs\/"},"modified":"2017-09-18T08:29:08","modified_gmt":"2017-09-18T06:29:08","slug":"tribunals-estimen-reclamacions-clausula-sol-previament-rebutjades-pels-bancs","status":"publish","type":"post","link":"https:\/\/advocatsferrer.com\/ca\/tribunals-estimen-reclamacions-clausula-sol-previament-rebutjades-pels-bancs\/","title":{"rendered":"Els Tribunals estimen les reclamacions de Cl\u00e0usula S\u00f2l pr\u00e8viament rebutjades pels bancs"},"content":{"rendered":"<p style=\"text-align: justify;\">Els afectats per <b>cl\u00e0usules<\/b> <b>s\u00f2l<\/b> que reclamen al banc les quantitats cobrades de m\u00e9s per aquesta causa, -seguint el procediment imposat pel Reial Decret 1\/2017 aprovat pel Govern el passat gener- estan trobant-se amb el rebuig frontal de les entitats banc\u00e0ries a les seves peticions. No obstant aix\u00f2, quan aquests mateixos afectats presenten demandes davant els tribunals estan aconseguint sent\u00e8ncies favorables a la devoluci\u00f3 de les quantitats demanades.<span data-ccp-props=\"{&quot;201341983&quot;:0,&quot;335559739&quot;:200,&quot;335559740&quot;:276}\">\u00a0<\/span><\/p>\n<p>Els bancs es neguen a pagar als usuaris al\u00b7legant que no correspon perqu\u00e8 es va informar a l'usuari en el moment de signar la hipoteca, o perqu\u00e8 s'ha produ\u00eft una renegociaci\u00f3 de la cl\u00e0usula, o perqu\u00e8 el cr\u00e8dit ja s'ha acabat de pagar.<span data-ccp-props=\"{&quot;201341983&quot;:0,&quot;335559739&quot;:200,&quot;335559740&quot;:276}\">\u00a0<\/span><\/p>\n<p>Donat el volum de demandes presentades per les cl\u00e0usules s\u00f2l, el Govern ha creat nous jutjats per ocupar espec\u00edficament d'aix\u00f2.<span data-ccp-props=\"{&quot;201341983&quot;:0,&quot;335559739&quot;:200,&quot;335559740&quot;:276}\">\u00a0<\/span><\/p>\n<p style=\"text-align: right;\"><em>Font<\/em>: DIARI HERALDO<span data-ccp-props=\"{&quot;201341983&quot;:0,&quot;335559739&quot;:200,&quot;335559740&quot;:276}\">\u00a0<\/span><\/p>\n","protected":false},"excerpt":{"rendered":"<p>Els afectats per cl\u00e0usules s\u00f2l que reclamen al banc les quantitats cobrades de m\u00e9s per aquesta causa, -seguint el procediment imposat pel Reial Decret 1\/2017 aprovat pel Govern el passat gener- estan trobant-se amb el rebuig frontal de les entitats banc\u00e0ries a les seves peticions. No obstant aix\u00f2, quan aquests mateixos afectats presenten demandes davant [&hellip;]<\/p>\n","protected":false},"author":1,"featured_media":719,"comment_status":"closed","ping_status":"open","sticky":false,"template":"","format":"standard","meta":{"_acf_changed":false,"content-type":"","inline_featured_image":false,"footnotes":""},"categories":[],"tags":[],"class_list":["post-1832","post","type-post","status-publish","format-standard","has-post-thumbnail","hentry"],"acf":[],"_links":{"self":[{"href":"https:\/\/advocatsferrer.com\/ca\/wp-json\/wp\/v2\/posts\/1832","targetHints":{"allow":["GET"]}}],"collection":[{"href":"https:\/\/advocatsferrer.com\/ca\/wp-json\/wp\/v2\/posts"}],"about":[{"href":"https:\/\/advocatsferrer.com\/ca\/wp-json\/wp\/v2\/types\/post"}],"author":[{"embeddable":true,"href":"https:\/\/advocatsferrer.com\/ca\/wp-json\/wp\/v2\/users\/1"}],"replies":[{"embeddable":true,"href":"https:\/\/advocatsferrer.com\/ca\/wp-json\/wp\/v2\/comments?post=1832"}],"version-history":[{"count":0,"href":"https:\/\/advocatsferrer.com\/ca\/wp-json\/wp\/v2\/posts\/1832\/revisions"}],"wp:featuredmedia":[{"embeddable":true,"href":"https:\/\/advocatsferrer.com\/ca\/wp-json\/wp\/v2\/media\/719"}],"wp:attachment":[{"href":"https:\/\/advocatsferrer.com\/ca\/wp-json\/wp\/v2\/media?parent=1832"}],"wp:term":[{"taxonomy":"category","embeddable":true,"href":"https:\/\/advocatsferrer.com\/ca\/wp-json\/wp\/v2\/categories?post=1832"},{"taxonomy":"post_tag","embeddable":true,"href":"https:\/\/advocatsferrer.com\/ca\/wp-json\/wp\/v2\/tags?post=1832"}],"curies":[{"name":"wp","href":"https:\/\/api.w.org\/{rel}","templated":true}]}}