{"id":1827,"date":"2017-05-10T20:20:23","date_gmt":"2017-05-10T18:20:23","guid":{"rendered":"https:\/\/advocatsferrer.com\/davant-reclamacions-extrajudicials-clausules-sol-que-responent-bancs\/"},"modified":"2017-05-10T20:17:37","modified_gmt":"2017-05-10T18:17:37","slug":"davant-reclamacions-extrajudicials-clausules-sol-que-responent-bancs","status":"publish","type":"post","link":"https:\/\/advocatsferrer.com\/ca\/davant-reclamacions-extrajudicials-clausules-sol-que-responent-bancs\/","title":{"rendered":"Davant les reclamacions extrajudicials de les cl\u00e0usules s\u00f2l, qu\u00e8 estan responent els bancs?"},"content":{"rendered":"<p style=\"text-align: justify;\">Tres mesos han passat des de que va entrar en vigor el Reial Decret Llei 1\/2017 amb el qual el govern pretenia regular les reclamacions extrajudicials per cl\u00e0usula s\u00f2l. Des del Defensor del teu Habitatge, volem informar sobre quina est\u00e0 sent la posici\u00f3 dels bancs davant d'aquestes reclamacions i quines decisions estan adoptant els afectats per les cl\u00e0usules s\u00f2l.<\/p>\n<p style=\"text-align: justify;\">Despr\u00e9s de donar-se a con\u00e8ixer les condicions del Reial decret, les decisions d'entitats banc\u00e0ries com el Banc Popular o Sabadell s\u00f3n, en la majoria dels casos, i com era previsible, negatives per als clients. Alguns dels bancs com el Banc Sabadell, ni tan sols han provisionat l'impacte que tindria en els seus comptes la devoluci\u00f3 de les cl\u00e0usules abusives. Aix\u00f2 \u00e9s degut al fet que els bancs sempre han defensat la transpar\u00e8ncia de les seves cl\u00e0usules s\u00f2l i per tant pensen que no procedeix cap devoluci\u00f3 de les quantitats abonades com a conseq\u00fc\u00e8ncia de l'aplicaci\u00f3 de la cl\u00e0usula s\u00f2l.<\/p>\n<p style=\"text-align: justify;\">Les entitats probablement s'esgotin els terminis que marca el Reial Decret Llei 1\/2017 per contestar a tots els clients que els han reclamat extrajudicialment. Tanmateix, amb aix\u00f2 nom\u00e9s aconseguiran demorar el temps perqu\u00e8 l'afectat reclami les quantitats cobrades de m\u00e9s per la via judicial, una via que \u00e9s s'est\u00e0 convertint en la m\u00e9s factible perqu\u00e8 els afectats recuperin els seus diners, donades les respostes negatives que estan donant els bancs als seus clients.<\/p>\n<p style=\"text-align: right;\">Font: <em>la raz\u00f3n.es<\/em><\/p>\n","protected":false},"excerpt":{"rendered":"<p>Tres mesos han passat des de que va entrar en vigor el Reial Decret Llei 1\/2017 amb el qual el govern pretenia regular les reclamacions extrajudicials per cl\u00e0usula s\u00f2l. Des del Defensor del teu Habitatge, volem informar sobre quina est\u00e0 sent la posici\u00f3 dels bancs davant d'aquestes reclamacions i quines decisions estan adoptant els afectats [&hellip;]<\/p>\n","protected":false},"author":1,"featured_media":699,"comment_status":"closed","ping_status":"open","sticky":false,"template":"","format":"standard","meta":{"_acf_changed":false,"content-type":"","inline_featured_image":false,"footnotes":""},"categories":[],"tags":[],"class_list":["post-1827","post","type-post","status-publish","format-standard","has-post-thumbnail","hentry"],"acf":[],"_links":{"self":[{"href":"https:\/\/advocatsferrer.com\/ca\/wp-json\/wp\/v2\/posts\/1827","targetHints":{"allow":["GET"]}}],"collection":[{"href":"https:\/\/advocatsferrer.com\/ca\/wp-json\/wp\/v2\/posts"}],"about":[{"href":"https:\/\/advocatsferrer.com\/ca\/wp-json\/wp\/v2\/types\/post"}],"author":[{"embeddable":true,"href":"https:\/\/advocatsferrer.com\/ca\/wp-json\/wp\/v2\/users\/1"}],"replies":[{"embeddable":true,"href":"https:\/\/advocatsferrer.com\/ca\/wp-json\/wp\/v2\/comments?post=1827"}],"version-history":[{"count":0,"href":"https:\/\/advocatsferrer.com\/ca\/wp-json\/wp\/v2\/posts\/1827\/revisions"}],"wp:featuredmedia":[{"embeddable":true,"href":"https:\/\/advocatsferrer.com\/ca\/wp-json\/wp\/v2\/media\/699"}],"wp:attachment":[{"href":"https:\/\/advocatsferrer.com\/ca\/wp-json\/wp\/v2\/media?parent=1827"}],"wp:term":[{"taxonomy":"category","embeddable":true,"href":"https:\/\/advocatsferrer.com\/ca\/wp-json\/wp\/v2\/categories?post=1827"},{"taxonomy":"post_tag","embeddable":true,"href":"https:\/\/advocatsferrer.com\/ca\/wp-json\/wp\/v2\/tags?post=1827"}],"curies":[{"name":"wp","href":"https:\/\/api.w.org\/{rel}","templated":true}]}}