{"id":1824,"date":"2017-02-01T22:28:18","date_gmt":"2017-02-01T21:28:18","guid":{"rendered":"https:\/\/advocatsferrer.com\/altra-clausula-sol-terra\/"},"modified":"2017-02-01T22:21:47","modified_gmt":"2017-02-01T21:21:47","slug":"altra-clausula-sol-terra","status":"publish","type":"post","link":"https:\/\/advocatsferrer.com\/ca\/altra-clausula-sol-terra\/","title":{"rendered":"Una altra cl\u00e0usula s\u00f2l, per terra"},"content":{"rendered":"<p>Un nou \u00e8xit de Ferrer Advocats sobre <strong>cl\u00e0usules s\u00f2l<\/strong> ha estat publicat avui dia 1 de febrer de 2017 al <strong>Diari de Girona<\/strong>.<\/p>\n<p>Llegiu la not\u00edcia <a href=\"http:\/\/www.diaridegirona.cat\/economia\/2017\/01\/02\/altra-clausula-sol-terra\/821836.html\" target=\"_blank\" rel=\"noopener\">aqu\u00ed<\/a>.<\/p>\n","protected":false},"excerpt":{"rendered":"<p>Un nou \u00e8xit de Ferrer Advocats sobre cl\u00e0usules s\u00f2l ha estat publicat avui dia 1 de febrer de 2017 al Diari de Girona. Llegiu la not\u00edcia aqu\u00ed.<\/p>\n","protected":false},"author":1,"featured_media":688,"comment_status":"closed","ping_status":"open","sticky":false,"template":"","format":"standard","meta":{"_acf_changed":false,"content-type":"","inline_featured_image":false,"footnotes":""},"categories":[],"tags":[],"class_list":["post-1824","post","type-post","status-publish","format-standard","has-post-thumbnail","hentry"],"acf":[],"_links":{"self":[{"href":"https:\/\/advocatsferrer.com\/ca\/wp-json\/wp\/v2\/posts\/1824","targetHints":{"allow":["GET"]}}],"collection":[{"href":"https:\/\/advocatsferrer.com\/ca\/wp-json\/wp\/v2\/posts"}],"about":[{"href":"https:\/\/advocatsferrer.com\/ca\/wp-json\/wp\/v2\/types\/post"}],"author":[{"embeddable":true,"href":"https:\/\/advocatsferrer.com\/ca\/wp-json\/wp\/v2\/users\/1"}],"replies":[{"embeddable":true,"href":"https:\/\/advocatsferrer.com\/ca\/wp-json\/wp\/v2\/comments?post=1824"}],"version-history":[{"count":0,"href":"https:\/\/advocatsferrer.com\/ca\/wp-json\/wp\/v2\/posts\/1824\/revisions"}],"wp:featuredmedia":[{"embeddable":true,"href":"https:\/\/advocatsferrer.com\/ca\/wp-json\/wp\/v2\/media\/688"}],"wp:attachment":[{"href":"https:\/\/advocatsferrer.com\/ca\/wp-json\/wp\/v2\/media?parent=1824"}],"wp:term":[{"taxonomy":"category","embeddable":true,"href":"https:\/\/advocatsferrer.com\/ca\/wp-json\/wp\/v2\/categories?post=1824"},{"taxonomy":"post_tag","embeddable":true,"href":"https:\/\/advocatsferrer.com\/ca\/wp-json\/wp\/v2\/tags?post=1824"}],"curies":[{"name":"wp","href":"https:\/\/api.w.org\/{rel}","templated":true}]}}