{"id":1812,"date":"2016-07-23T08:12:15","date_gmt":"2016-07-23T06:12:15","guid":{"rendered":"https:\/\/advocatsferrer.com\/brussel%c2%b7les-recomana-banca-que-aprovisioni-davant-possible-sentencia-tjue-favor-retroactivitat-clausules-sol\/"},"modified":"2016-07-23T08:09:04","modified_gmt":"2016-07-23T06:09:04","slug":"brussel%c2%b7les-recomana-banca-que-aprovisioni-davant-possible-sentencia-tjue-favor-retroactivitat-clausules-sol","status":"publish","type":"post","link":"https:\/\/advocatsferrer.com\/ca\/brussel%c2%b7les-recomana-banca-que-aprovisioni-davant-possible-sentencia-tjue-favor-retroactivitat-clausules-sol\/","title":{"rendered":"Brussel\u00b7les recomana a la banca que aprovisioni davant la possible sent\u00e8ncia del TJUE a favor de la retroactivitat de les cl\u00e0usules s\u00f2l"},"content":{"rendered":"<p style=\"text-align: justify;\">El Banc Central Europeu i la Comissi\u00f3 Europea han sol\u00b7licitat a les entitats financeres que es preparin davant d'una possible sent\u00e8ncia del <strong>Tribunal de Just\u00edcia de la Uni\u00f3 Europea<\/strong> sobre les <strong>cl\u00e0usules s\u00f2l<\/strong> que els obligui a retornar totes les quantitats des de la signatura de les hipoteques, en lloc des de la primera Sent\u00e8ncia del Tribunal Suprem que va declarar abusives aquestes cl\u00e0usules el 9 de maig de 2013 com ha vingut aplicant-se en Espanya. En aquest cas la xifra ascendiria fins als 7.600 milions segons el Banc d'Espanya.<\/p>\n<p style=\"text-align: justify;\">El primer dictamen sobre aquesta Sent\u00e8ncia ser\u00e0 el 12 de juliol, data en la qual l'advocat general del Tribunal de Just\u00edcia de la UE emetr\u00e0 el seu informe sobre la retroactivitat de la nul\u00b7litat de les cl\u00e0usules s\u00f2l declarades abusives. Si b\u00e9 aquest no \u00e9s vinculant, en el 90% dels casos la Sent\u00e8ncia posterior ha donat suport l'informe de l'advocat general.<\/p>\n<p style=\"text-align: justify;\">No obstant aix\u00f2, no ser\u00e0 fins a finals del present any quan es dicti la sent\u00e8ncia que decideixi finalment si la devoluci\u00f3 de les quantitats s'ha de calcular des del 9 de maig de 2013 o des de l'inici del contracte hipotecari, ja que trigar\u00e0 entre 2 i 4 mesos despr\u00e9s de la publicaci\u00f3 de l'informe de l'advocat general.<\/p>\n<p style=\"text-align: justify;\">Des de Brussel\u00b7les recomanen que davant l'impacte que la devoluci\u00f3 d'aquestes quantitats podria generar, les entitats que puguin quedar afectades es proveeixin dels fons per estar preparades i fer front a aquesta.<\/p>\n<p style=\"text-align: justify;\">Aix\u00ed mateix, en el seu cinqu\u00e8 informe postprograma del rescat bancari elaborat per les dues institucions, reconeixen que el sector financer nacional roman relativament estable. No obstant aix\u00f2, recomana elaborar un pla de privatitzaci\u00f3 de les entitats Bankia i BMN, amb un calendari concret i estructurat. I adverteix que encara hi ha incerteses legals que podrien tenir un impacte significatiu en el sector.<\/p>\n<p style=\"text-align: right;\">Font: <em>Economist and Jurist<\/em><\/p>\n","protected":false},"excerpt":{"rendered":"<p>El Banc Central Europeu i la Comissi\u00f3 Europea han sol\u00b7licitat a les entitats financeres que es preparin davant d'una possible sent\u00e8ncia del Tribunal de Just\u00edcia de la Uni\u00f3 Europea sobre les cl\u00e0usules s\u00f2l que els obligui a retornar totes les quantitats des de la signatura de les hipoteques, en lloc des de la primera Sent\u00e8ncia [&hellip;]<\/p>\n","protected":false},"author":1,"featured_media":637,"comment_status":"closed","ping_status":"open","sticky":false,"template":"","format":"standard","meta":{"_acf_changed":false,"content-type":"","inline_featured_image":false,"footnotes":""},"categories":[],"tags":[],"class_list":["post-1812","post","type-post","status-publish","format-standard","has-post-thumbnail","hentry"],"acf":[],"_links":{"self":[{"href":"https:\/\/advocatsferrer.com\/ca\/wp-json\/wp\/v2\/posts\/1812","targetHints":{"allow":["GET"]}}],"collection":[{"href":"https:\/\/advocatsferrer.com\/ca\/wp-json\/wp\/v2\/posts"}],"about":[{"href":"https:\/\/advocatsferrer.com\/ca\/wp-json\/wp\/v2\/types\/post"}],"author":[{"embeddable":true,"href":"https:\/\/advocatsferrer.com\/ca\/wp-json\/wp\/v2\/users\/1"}],"replies":[{"embeddable":true,"href":"https:\/\/advocatsferrer.com\/ca\/wp-json\/wp\/v2\/comments?post=1812"}],"version-history":[{"count":0,"href":"https:\/\/advocatsferrer.com\/ca\/wp-json\/wp\/v2\/posts\/1812\/revisions"}],"wp:featuredmedia":[{"embeddable":true,"href":"https:\/\/advocatsferrer.com\/ca\/wp-json\/wp\/v2\/media\/637"}],"wp:attachment":[{"href":"https:\/\/advocatsferrer.com\/ca\/wp-json\/wp\/v2\/media?parent=1812"}],"wp:term":[{"taxonomy":"category","embeddable":true,"href":"https:\/\/advocatsferrer.com\/ca\/wp-json\/wp\/v2\/categories?post=1812"},{"taxonomy":"post_tag","embeddable":true,"href":"https:\/\/advocatsferrer.com\/ca\/wp-json\/wp\/v2\/tags?post=1812"}],"curies":[{"name":"wp","href":"https:\/\/api.w.org\/{rel}","templated":true}]}}