{"id":1808,"date":"2016-05-04T17:01:50","date_gmt":"2016-05-04T15:01:50","guid":{"rendered":"https:\/\/advocatsferrer.com\/ce-obre-expedient-espanya-clausules-abusives-hipoteques\/"},"modified":"2016-05-04T17:00:09","modified_gmt":"2016-05-04T15:00:09","slug":"ce-obre-expedient-espanya-clausules-abusives-hipoteques","status":"publish","type":"post","link":"https:\/\/advocatsferrer.com\/ca\/ce-obre-expedient-espanya-clausules-abusives-hipoteques\/","title":{"rendered":"La CE obre un expedient a Espanya per les cl\u00e0usules abusives en les hipoteques"},"content":{"rendered":"<p style=\"text-align: justify;\">La\u00a0Comissi\u00f3 Europea\u00a0(CE) ha obert aquest dijous\u00a0un procediment d'infracci\u00f3\u00a0contra\u00a0Espanya\u00a0perqu\u00e8 adapti a la legislaci\u00f3 comunit\u00e0ria la seva normativa nacional sobre el procediment civil que regula l'execuci\u00f3 hipotec\u00e0ria i les ordres de pagament. La Comissi\u00f3 retreu\u00a0a Espanya que no protegeixi prou els consumidors.<\/p>\n<p style=\"text-align: justify;\">L'Executiu comunitari va enviar a Espanya una carta d'empla\u00e7ament (primera fase del procediment d'infracci\u00f3 comunitari) i va amena\u00e7ar d'enviar-li un dictamen motivat en cas de no rebre una resposta satisfact\u00f2ria en aquest \u00e0mbit en el termini de dos mesos, segons un comunicat de la instituci\u00f3. Encara que la CE va valorar les modificacions que van introduir les autoritats espanyoles en el procediment civil arran\u00a0de la sent\u00e8ncia batejada amb el nom del demandant,\u00a0<a href=\"http:\/\/www.elperiodico.com\/es\/noticias\/vivienda\/afectado-que-logro-reforma-hipotecaria-pierde-batalla-legal-3796013\" target=\"_blank\" rel=\"noopener\">Mohamed Aziz<\/a>, despr\u00e9s que el tribunal de Luxemburg declar\u00e9s\u00a0abusives\u00a0el mar\u00e7 del 2013 les\u00a0cl\u00e0usules hipotec\u00e0ries espanyoles, va assenyalar que el segueixen preocupant \"algunes q\u00fcestions\".<\/p>\n<p style=\"text-align: justify;\">L'Executiu comunitari va precisar que el seu objectiu \u00e9s \"garantir que els consumidors estiguin plenament protegits contra les cl\u00e0usules contractuals abusives\". La directiva relativa a les cl\u00e0usules abusives en els contractes celebrats amb els consumidors garanteix que el consumidor no quedi vinculat per cl\u00e0usules abusives quan el contracte no hagi sigut negociat individualment.<\/p>\n<p style=\"text-align: justify;\">Una cl\u00e0usula contractual es considera abusiva si causa un desequilibri\u00a0important entre drets i obligacions de les parts i \u00e9s contr\u00e0ria a les exig\u00e8ncies de la bona fe.<\/p>\n<p style=\"text-align: justify;\">Els Estats membres han d'assegurar-se que les seves lleis nacionals faciliten els mitjans efectius per fer valer aquests drets i que les empreses deixen de rec\u00f3rrer a aquestes cl\u00e0usules abusives.<\/p>\n<p style=\"text-align: justify;\">\n<p style=\"text-align: right;\">Font: <em>Agencia Efe<\/em><\/p>\n","protected":false},"excerpt":{"rendered":"<p>La\u00a0Comissi\u00f3 Europea\u00a0(CE) ha obert aquest dijous\u00a0un procediment d'infracci\u00f3\u00a0contra\u00a0Espanya\u00a0perqu\u00e8 adapti a la legislaci\u00f3 comunit\u00e0ria la seva normativa nacional sobre el procediment civil que regula l'execuci\u00f3 hipotec\u00e0ria i les ordres de pagament. La Comissi\u00f3 retreu\u00a0a Espanya que no protegeixi prou els consumidors. L'Executiu comunitari va enviar a Espanya una carta d'empla\u00e7ament (primera fase del procediment d'infracci\u00f3 comunitari) [&hellip;]<\/p>\n","protected":false},"author":1,"featured_media":617,"comment_status":"closed","ping_status":"open","sticky":false,"template":"","format":"standard","meta":{"_acf_changed":false,"content-type":"","inline_featured_image":false,"footnotes":""},"categories":[],"tags":[],"class_list":["post-1808","post","type-post","status-publish","format-standard","has-post-thumbnail","hentry"],"acf":[],"_links":{"self":[{"href":"https:\/\/advocatsferrer.com\/ca\/wp-json\/wp\/v2\/posts\/1808","targetHints":{"allow":["GET"]}}],"collection":[{"href":"https:\/\/advocatsferrer.com\/ca\/wp-json\/wp\/v2\/posts"}],"about":[{"href":"https:\/\/advocatsferrer.com\/ca\/wp-json\/wp\/v2\/types\/post"}],"author":[{"embeddable":true,"href":"https:\/\/advocatsferrer.com\/ca\/wp-json\/wp\/v2\/users\/1"}],"replies":[{"embeddable":true,"href":"https:\/\/advocatsferrer.com\/ca\/wp-json\/wp\/v2\/comments?post=1808"}],"version-history":[{"count":0,"href":"https:\/\/advocatsferrer.com\/ca\/wp-json\/wp\/v2\/posts\/1808\/revisions"}],"wp:featuredmedia":[{"embeddable":true,"href":"https:\/\/advocatsferrer.com\/ca\/wp-json\/wp\/v2\/media\/617"}],"wp:attachment":[{"href":"https:\/\/advocatsferrer.com\/ca\/wp-json\/wp\/v2\/media?parent=1808"}],"wp:term":[{"taxonomy":"category","embeddable":true,"href":"https:\/\/advocatsferrer.com\/ca\/wp-json\/wp\/v2\/categories?post=1808"},{"taxonomy":"post_tag","embeddable":true,"href":"https:\/\/advocatsferrer.com\/ca\/wp-json\/wp\/v2\/tags?post=1808"}],"curies":[{"name":"wp","href":"https:\/\/api.w.org\/{rel}","templated":true}]}}