{"id":1804,"date":"2016-02-28T12:32:13","date_gmt":"2016-02-28T11:32:13","guid":{"rendered":"https:\/\/advocatsferrer.com\/que-puc-fer-si-vaig-comprar-accions-bankia\/"},"modified":"2016-02-28T12:35:03","modified_gmt":"2016-02-28T11:35:03","slug":"que-puc-fer-si-vaig-comprar-accions-bankia","status":"publish","type":"post","link":"https:\/\/advocatsferrer.com\/ca\/que-puc-fer-si-vaig-comprar-accions-bankia\/","title":{"rendered":"Qu\u00e8 puc fer si vaig comprar accions Bankia?"},"content":{"rendered":"<p><strong>Puc reclamar?<\/strong><\/p>\n<p>Si ets un dels inversors particulars que vas comprar a la sortida a borsa de Bankia el 20 de juliol de 2011 o ho vas comprar fins a maig de 2012, pots reclamar.<\/p>\n<p><strong>Quant perden els accionistes?<\/strong><\/p>\n<p>Els accionistes han perdut m\u00e9s del 99% de la seva inversi\u00f3.<\/p>\n<p><strong>Quina repercussi\u00f3 t\u00e9 la recent sent\u00e8ncia del Suprem?<\/strong><\/p>\n<p>La sent\u00e8ncia reconeix que els comptes del banc no estaven correctament formulades quan Bankia va sortir a borsa i obre la porta perqu\u00e8 els 255.000 particulars que van comprar a la sortida a borsa recuperin els seus diners.<\/p>\n<p><strong>Qu\u00e8 \u00e9s el que puc reclamar?<\/strong><\/p>\n<p>Tots els perjudicis m\u00e9s els interessos en costes.<\/p>\n<p><strong>Qu\u00e8 \u00e9s aconsellable fer?<\/strong><\/p>\n<p>Des de Ferrer Advocats aconsellem als nostres clients que interposin una demanda judicial, \u00e9s la via m\u00e9s r\u00e0pida i efica\u00e7 de recuperar la inversi\u00f3.<\/p>\n","protected":false},"excerpt":{"rendered":"<p>Puc reclamar? Si ets un dels inversors particulars que vas comprar a la sortida a borsa de Bankia el 20 de juliol de 2011 o ho vas comprar fins a maig de 2012, pots reclamar. Quant perden els accionistes? Els accionistes han perdut m\u00e9s del 99% de la seva inversi\u00f3. Quina repercussi\u00f3 t\u00e9 la recent [&hellip;]<\/p>\n","protected":false},"author":1,"featured_media":602,"comment_status":"closed","ping_status":"open","sticky":false,"template":"","format":"standard","meta":{"_acf_changed":false,"content-type":"","inline_featured_image":false,"footnotes":""},"categories":[],"tags":[],"class_list":["post-1804","post","type-post","status-publish","format-standard","has-post-thumbnail","hentry"],"acf":[],"_links":{"self":[{"href":"https:\/\/advocatsferrer.com\/ca\/wp-json\/wp\/v2\/posts\/1804","targetHints":{"allow":["GET"]}}],"collection":[{"href":"https:\/\/advocatsferrer.com\/ca\/wp-json\/wp\/v2\/posts"}],"about":[{"href":"https:\/\/advocatsferrer.com\/ca\/wp-json\/wp\/v2\/types\/post"}],"author":[{"embeddable":true,"href":"https:\/\/advocatsferrer.com\/ca\/wp-json\/wp\/v2\/users\/1"}],"replies":[{"embeddable":true,"href":"https:\/\/advocatsferrer.com\/ca\/wp-json\/wp\/v2\/comments?post=1804"}],"version-history":[{"count":0,"href":"https:\/\/advocatsferrer.com\/ca\/wp-json\/wp\/v2\/posts\/1804\/revisions"}],"wp:featuredmedia":[{"embeddable":true,"href":"https:\/\/advocatsferrer.com\/ca\/wp-json\/wp\/v2\/media\/602"}],"wp:attachment":[{"href":"https:\/\/advocatsferrer.com\/ca\/wp-json\/wp\/v2\/media?parent=1804"}],"wp:term":[{"taxonomy":"category","embeddable":true,"href":"https:\/\/advocatsferrer.com\/ca\/wp-json\/wp\/v2\/categories?post=1804"},{"taxonomy":"post_tag","embeddable":true,"href":"https:\/\/advocatsferrer.com\/ca\/wp-json\/wp\/v2\/tags?post=1804"}],"curies":[{"name":"wp","href":"https:\/\/api.w.org\/{rel}","templated":true}]}}