{"id":1803,"date":"2016-02-28T12:23:43","date_gmt":"2016-02-28T11:23:43","guid":{"rendered":"https:\/\/advocatsferrer.com\/el-tribunal-de-justicia-de-la-unio-europea-veu-il%c2%b7legal-la-suspensio-automatica-daccions-contra-clausules-sol-quan-hi-ha-proces-col%c2%b7lectiu\/"},"modified":"2016-02-28T12:21:07","modified_gmt":"2016-02-28T11:21:07","slug":"el-tribunal-de-justicia-de-la-unio-europea-veu-il%c2%b7legal-la-suspensio-automatica-daccions-contra-clausules-sol-quan-hi-ha-proces-col%c2%b7lectiu","status":"publish","type":"post","link":"https:\/\/advocatsferrer.com\/ca\/el-tribunal-de-justicia-de-la-unio-europea-veu-il%c2%b7legal-la-suspensio-automatica-daccions-contra-clausules-sol-quan-hi-ha-proces-col%c2%b7lectiu\/","title":{"rendered":"El Tribunal de Just\u00edcia de la Uni\u00f3 Europea veu il\u00b7legal la suspensi\u00f3 autom\u00e0tica d'accions contra cl\u00e0usules s\u00f2l quan hi ha proc\u00e9s col\u00b7lectiu"},"content":{"rendered":"<p style=\"text-align: justify;\">L'advocat general del Tribunal de Just\u00edcia de la UE (TJUE), Maciej Szpunar, ha dictaminat aquest dijous que la directiva europea sobre cl\u00e0usules abusives no s'oposa a la Llei d'enjudiciament civil espanyola, que permet suspendre una acci\u00f3 individual fins que hi hagi una sent\u00e8ncia ferma sobre un procediment col\u00b7lectiu paral\u00b7lel, per\u00f2 \"a condici\u00f3 que aquesta suspensi\u00f3 no sigui ni obligat\u00f2ria ni autom\u00e0tica\" i que el consumidor pugui desvincular-se de l'acci\u00f3 col\u00b7lectiva.<\/p>\n<p style=\"text-align: justify;\">El dictamen respon a una q\u00fcesti\u00f3 presentada pel Jutjat Mercantil de Barcelona, \u200b\u200bque va elevar a la just\u00edcia europea els assumptes de dos consumidors que van presentar accions individuals perqu\u00e8 es declar\u00e9s la nul\u00b7litat de les <a title=\"Cl\u00e0usules s\u00f2l\" href=\"https:\/\/advocatsferrer.com\/serveis\/clausules-sol\/\" target=\"_blank\" rel=\"noopener\"><b>cl\u00e0usules s\u00f2l<\/b><\/a> contingudes en contractes de pr\u00e9stec hipotecari amb Caixabank i Catalunya Caixa, respectivament, per ser abusives. Les entitats demanen que es suspengui el procediment fins que no es resolgui l'acci\u00f3 col\u00b7lectiva de nul\u00b7litat exercitada contra aquesta cl\u00e0usula per l'Associaci\u00f3 d'Usuaris de Bancs, Caixes i Assegurances (Adicae).<\/p>\n<p style=\"text-align: justify;\">Les conclusions de l'advocat general, que no s\u00f3n vinculants per dictar sent\u00e8ncia per part del TUE, consideren que la interpretaci\u00f3 de la normativa espanyola que obliga a suspendre autom\u00e0ticament l'acci\u00f3 individual fins que hi hagi una sent\u00e8ncia ferma en l'acci\u00f3 col\u00b7lectiva \"impossibilita o dificulta en exc\u00e9s l'exercici dels drets \"recollits en la directiva europea, de manera que\" \u00e9s contr\u00e0ria a principi d'efectivitat \".<\/p>\n<p style=\"text-align: justify;\">De la mateixa manera, Szpunar indica que tot i que el jutge espanyol sembla concedir un efecte de suspensi\u00f3 autom\u00e0tic a la prejudicialitat, en realitat la suspensi\u00f3 t\u00e9 car\u00e0cter facultatiu, ja que la Llei d'enjudiciament civil reconeix als tribunals un marge d'apreciaci\u00f3 per decidir si la suspensi\u00f3 \u00e9s pertinent o no.<\/p>\n<p style=\"text-align: justify;\">D'altra banda, defensa que el consumidor ha de poder desvincular-se de l'acci\u00f3 col\u00b7lectiva, de manera que si decideix exercitar una acci\u00f3 individual, \"no s'hauria de veure directament afectat per la sent\u00e8ncia dictada en el procediment col\u00b7lectiu\".<\/p>\n<p style=\"text-align: justify;\">A m\u00e9s, l'advocat argumenta que entre les accions individuals i les accions col\u00b7lectives de cessaci\u00f3, exercides per associacions de protecci\u00f3 de consumidors, hi ha una relaci\u00f3 de complementarietat i ha recordat que la directiva comunit\u00e0ria obliga a introduir en l'ordenament jur\u00eddic dels Estats membre tant accions individuals, \"amb car\u00e0cter principal\", com accions col\u00b7lectives \"que no poden substituir les accions individuals ni obstaculitzar-\".<\/p>\n<p style=\"text-align: right;\">Font: <em>Europa Press<\/em><\/p>\n","protected":false},"excerpt":{"rendered":"<p>L'advocat general del Tribunal de Just\u00edcia de la UE (TJUE), Maciej Szpunar, ha dictaminat aquest dijous que la directiva europea sobre cl\u00e0usules abusives no s'oposa a la Llei d'enjudiciament civil espanyola, que permet suspendre una acci\u00f3 individual fins que hi hagi una sent\u00e8ncia ferma sobre un procediment col\u00b7lectiu paral\u00b7lel, per\u00f2 \"a condici\u00f3 que aquesta suspensi\u00f3 [&hellip;]<\/p>\n","protected":false},"author":1,"featured_media":597,"comment_status":"closed","ping_status":"open","sticky":false,"template":"","format":"standard","meta":{"_acf_changed":false,"content-type":"","inline_featured_image":false,"footnotes":""},"categories":[],"tags":[],"class_list":["post-1803","post","type-post","status-publish","format-standard","has-post-thumbnail","hentry"],"acf":[],"_links":{"self":[{"href":"https:\/\/advocatsferrer.com\/ca\/wp-json\/wp\/v2\/posts\/1803","targetHints":{"allow":["GET"]}}],"collection":[{"href":"https:\/\/advocatsferrer.com\/ca\/wp-json\/wp\/v2\/posts"}],"about":[{"href":"https:\/\/advocatsferrer.com\/ca\/wp-json\/wp\/v2\/types\/post"}],"author":[{"embeddable":true,"href":"https:\/\/advocatsferrer.com\/ca\/wp-json\/wp\/v2\/users\/1"}],"replies":[{"embeddable":true,"href":"https:\/\/advocatsferrer.com\/ca\/wp-json\/wp\/v2\/comments?post=1803"}],"version-history":[{"count":0,"href":"https:\/\/advocatsferrer.com\/ca\/wp-json\/wp\/v2\/posts\/1803\/revisions"}],"wp:featuredmedia":[{"embeddable":true,"href":"https:\/\/advocatsferrer.com\/ca\/wp-json\/wp\/v2\/media\/597"}],"wp:attachment":[{"href":"https:\/\/advocatsferrer.com\/ca\/wp-json\/wp\/v2\/media?parent=1803"}],"wp:term":[{"taxonomy":"category","embeddable":true,"href":"https:\/\/advocatsferrer.com\/ca\/wp-json\/wp\/v2\/categories?post=1803"},{"taxonomy":"post_tag","embeddable":true,"href":"https:\/\/advocatsferrer.com\/ca\/wp-json\/wp\/v2\/tags?post=1803"}],"curies":[{"name":"wp","href":"https:\/\/api.w.org\/{rel}","templated":true}]}}