{"id":1795,"date":"2015-10-11T11:47:32","date_gmt":"2015-10-11T09:47:32","guid":{"rendered":"https:\/\/advocatsferrer.com\/mesura-cautelar-que-suspen-la-clausula-sol\/"},"modified":"2015-10-11T11:44:53","modified_gmt":"2015-10-11T09:44:53","slug":"mesura-cautelar-que-suspen-la-clausula-sol","status":"publish","type":"post","link":"https:\/\/advocatsferrer.com\/ca\/mesura-cautelar-que-suspen-la-clausula-sol\/","title":{"rendered":"Mesura cautelar que susp\u00e8n la Cl\u00e0usula S\u00f2l"},"content":{"rendered":"<p style=\"text-align: justify;\">Un jutjat de Terrassa acaba de donar la ra\u00f3 a un matrimoni client d'aquest despatx i acorda com a mesura cautelar NO APLICAR la <strong>cl\u00e0usula s\u00f2l<\/strong> del BANC POPULAR mentre dura el Judici. La resoluci\u00f3 \u00e9s de 21 de juliol 2015.<\/p>\n<p style=\"text-align: justify;\">Va m\u00e9s enll\u00e0 de la retirada perqu\u00e8 els processos s\u00f3n llargs i mentre el s\u00f2l, en el cas el 3%, es va aplicant.<\/p>\n","protected":false},"excerpt":{"rendered":"<p>Un jutjat de Terrassa acaba de donar la ra\u00f3 a un matrimoni client d'aquest despatx i acorda com a mesura cautelar NO APLICAR la cl\u00e0usula s\u00f2l del BANC POPULAR mentre dura el Judici. La resoluci\u00f3 \u00e9s de 21 de juliol 2015. Va m\u00e9s enll\u00e0 de la retirada perqu\u00e8 els processos s\u00f3n llargs i mentre el [&hellip;]<\/p>\n","protected":false},"author":1,"featured_media":575,"comment_status":"closed","ping_status":"open","sticky":false,"template":"","format":"standard","meta":{"_acf_changed":false,"content-type":"","inline_featured_image":false,"footnotes":""},"categories":[],"tags":[],"class_list":["post-1795","post","type-post","status-publish","format-standard","has-post-thumbnail","hentry"],"acf":[],"_links":{"self":[{"href":"https:\/\/advocatsferrer.com\/ca\/wp-json\/wp\/v2\/posts\/1795","targetHints":{"allow":["GET"]}}],"collection":[{"href":"https:\/\/advocatsferrer.com\/ca\/wp-json\/wp\/v2\/posts"}],"about":[{"href":"https:\/\/advocatsferrer.com\/ca\/wp-json\/wp\/v2\/types\/post"}],"author":[{"embeddable":true,"href":"https:\/\/advocatsferrer.com\/ca\/wp-json\/wp\/v2\/users\/1"}],"replies":[{"embeddable":true,"href":"https:\/\/advocatsferrer.com\/ca\/wp-json\/wp\/v2\/comments?post=1795"}],"version-history":[{"count":0,"href":"https:\/\/advocatsferrer.com\/ca\/wp-json\/wp\/v2\/posts\/1795\/revisions"}],"wp:featuredmedia":[{"embeddable":true,"href":"https:\/\/advocatsferrer.com\/ca\/wp-json\/wp\/v2\/media\/575"}],"wp:attachment":[{"href":"https:\/\/advocatsferrer.com\/ca\/wp-json\/wp\/v2\/media?parent=1795"}],"wp:term":[{"taxonomy":"category","embeddable":true,"href":"https:\/\/advocatsferrer.com\/ca\/wp-json\/wp\/v2\/categories?post=1795"},{"taxonomy":"post_tag","embeddable":true,"href":"https:\/\/advocatsferrer.com\/ca\/wp-json\/wp\/v2\/tags?post=1795"}],"curies":[{"name":"wp","href":"https:\/\/api.w.org\/{rel}","templated":true}]}}