{"id":1789,"date":"2015-06-29T18:17:13","date_gmt":"2015-06-29T16:17:13","guid":{"rendered":"https:\/\/advocatsferrer.com\/presentacio-massiva-de-demandes-contra-bankia\/"},"modified":"2015-06-29T18:14:18","modified_gmt":"2015-06-29T16:14:18","slug":"presentacio-massiva-de-demandes-contra-bankia","status":"publish","type":"post","link":"https:\/\/advocatsferrer.com\/ca\/presentacio-massiva-de-demandes-contra-bankia\/","title":{"rendered":"Presentaci\u00f3 massiva de demandes contra bankia"},"content":{"rendered":"<p style=\"text-align: justify;\">La presentaci\u00f3 massiva de demandes contra <b>Bankia<\/b> est\u00e0 suposant greus problemes d'organitzaci\u00f3 en els jutjats pel col\u00b7lapse dels mateixos. Bona prova d'aix\u00f2 \u00e9s la circular interna enviada ahir pel Col\u00b7legi de Procuradors de Madrid en qu\u00e8 es plantegen mesures d'ajuda davant la dif\u00edcil situaci\u00f3 de gesti\u00f3 i organitzaci\u00f3 que s'est\u00e0 plantejant en els \u00f2rgans judicials.<\/p>\n<p style=\"text-align: justify;\">\"Se'ns ha posat de manifest en la Comissi\u00f3 Mixta de Secretaris i procuradors l'enorme problema que provoca en el funcionament dels jutjats i el servei com\u00fa de notificacions, la presentaci\u00f3 massiva de demandes contra Bankia\". Amb aquestes paraules arrenca la circular, que continua \"pregant\" que en el possible els procuradors demandants sol\u00b7liciten \"fer l'empla\u00e7ament de Bankia a l'empara del que disposa l'article 152 de la Llei d'Enjudiciament Civil\", per considerar que amb aix\u00f2 s'ajudar\u00e0 a solucionar el problema d'arxiu i c\u00famul de treball del Servei Com\u00fa de Notificacions i Embargaments (SCNE) \"i al justiciable que no patir\u00e0 cap retard en la tramitaci\u00f3 de la seva demanda\".<\/p>\n<p style=\"text-align: justify;\">A m\u00e9s, la circular tamb\u00e9 prega que es presentin c\u00f2pies de la documentaci\u00f3 annexa a la demanda en cd o dvd, petici\u00f3 que, segons expliquen, \"s'autoritza al Reial Decret 2003.02.21, en la Llei 18\/2011 de 5 de juliol i , entre altres, en la sent\u00e8ncia del Tribunal Suprem de data 22 d'abril de 1998 \". Per a aix\u00f2, consideren necessari revisar \"que el CD o DVD que s'adjunta cont\u00e9 la documentaci\u00f3 precisa\", per al que estan autoritzats i obligats per l'article 274 de la Llei d'enjudiciament civil. I afegeixen que \"en ser la destinat\u00e0ria de la documentaci\u00f3 l'entitat Bankia \u00e9s obvi que t\u00e9 sistemes suficients per a la lectura de mitjans telem\u00e0tics\".<\/p>\n<p style=\"text-align: justify;\">Les explicacions que donen per aquesta mesura s\u00f3n raons d'espai (ja que les sales d'arxiu estan saturades), aix\u00ed com de salut dels funcionaris del cos de gesti\u00f3 i dels procuradors \"que han de traslladar pesos ingents de paper\", a m\u00e9s de per \"causes \u00f2bvies d'\u00e8tica ecologista\".<\/p>\n","protected":false},"excerpt":{"rendered":"<p>La presentaci\u00f3 massiva de demandes contra Bankia est\u00e0 suposant greus problemes d'organitzaci\u00f3 en els jutjats pel col\u00b7lapse dels mateixos. Bona prova d'aix\u00f2 \u00e9s la circular interna enviada ahir pel Col\u00b7legi de Procuradors de Madrid en qu\u00e8 es plantegen mesures d'ajuda davant la dif\u00edcil situaci\u00f3 de gesti\u00f3 i organitzaci\u00f3 que s'est\u00e0 plantejant en els \u00f2rgans judicials. [&hellip;]<\/p>\n","protected":false},"author":1,"featured_media":555,"comment_status":"closed","ping_status":"open","sticky":false,"template":"","format":"standard","meta":{"_acf_changed":false,"content-type":"","inline_featured_image":false,"footnotes":""},"categories":[],"tags":[],"class_list":["post-1789","post","type-post","status-publish","format-standard","has-post-thumbnail","hentry"],"acf":[],"_links":{"self":[{"href":"https:\/\/advocatsferrer.com\/ca\/wp-json\/wp\/v2\/posts\/1789","targetHints":{"allow":["GET"]}}],"collection":[{"href":"https:\/\/advocatsferrer.com\/ca\/wp-json\/wp\/v2\/posts"}],"about":[{"href":"https:\/\/advocatsferrer.com\/ca\/wp-json\/wp\/v2\/types\/post"}],"author":[{"embeddable":true,"href":"https:\/\/advocatsferrer.com\/ca\/wp-json\/wp\/v2\/users\/1"}],"replies":[{"embeddable":true,"href":"https:\/\/advocatsferrer.com\/ca\/wp-json\/wp\/v2\/comments?post=1789"}],"version-history":[{"count":0,"href":"https:\/\/advocatsferrer.com\/ca\/wp-json\/wp\/v2\/posts\/1789\/revisions"}],"wp:featuredmedia":[{"embeddable":true,"href":"https:\/\/advocatsferrer.com\/ca\/wp-json\/wp\/v2\/media\/555"}],"wp:attachment":[{"href":"https:\/\/advocatsferrer.com\/ca\/wp-json\/wp\/v2\/media?parent=1789"}],"wp:term":[{"taxonomy":"category","embeddable":true,"href":"https:\/\/advocatsferrer.com\/ca\/wp-json\/wp\/v2\/categories?post=1789"},{"taxonomy":"post_tag","embeddable":true,"href":"https:\/\/advocatsferrer.com\/ca\/wp-json\/wp\/v2\/tags?post=1789"}],"curies":[{"name":"wp","href":"https:\/\/api.w.org\/{rel}","templated":true}]}}