{"id":1788,"date":"2015-06-21T18:35:45","date_gmt":"2015-06-21T16:35:45","guid":{"rendered":"https:\/\/advocatsferrer.com\/sacaba-el-termini-de-reclamacio-per-a-les-accions-de-bankia\/"},"modified":"2015-06-21T18:31:50","modified_gmt":"2015-06-21T16:31:50","slug":"sacaba-el-termini-de-reclamacio-per-a-les-accions-de-bankia","status":"publish","type":"post","link":"https:\/\/advocatsferrer.com\/ca\/sacaba-el-termini-de-reclamacio-per-a-les-accions-de-bankia\/","title":{"rendered":"S'acaba el termini de reclamaci\u00f3 per a les accions de Bankia"},"content":{"rendered":"<p style=\"text-align: justify;\">A pocs dies de complir-se quatre anys que Bankia inici\u00e9s les seves operacions a la borsa, tamb\u00e9 s'acaba el termini perqu\u00e8 tots els afectats puguin reclamar les seves accions. Cal esmentar que aquestes <strong>accions Bankia<\/strong> van ser subscrites per una quantitat important de persones a un preu \u00fanic de 3.75 \u20ac i que al tancament de la borsa divendres passat es cotitzaven a \u00fanicament 1,23 \u20ac.<\/p>\n<p style=\"text-align: justify;\"><strong>Una mica d'hist\u00f2ria<\/strong><\/p>\n<p style=\"text-align: justify;\">Quan Bankia va sortir a la Borsa, l'entitat banc\u00e0ria va deixar en clar que tots els que adquirissin accions Bankia no \u00fanicament rebrien importants beneficis, sin\u00f3 que a m\u00e9s no tindrien cap tipus de p\u00e8rdua. Aquest anunci va ser sens dubte una de les principals raons per les que una gran quantitat de persones van decidir adquirir els valors. No obstant aix\u00f2, molt pocs en realitat coneixien la veritable solv\u00e8ncia financera que aquesta entitat experimentava en aquells moments.<\/p>\n<p style=\"text-align: justify;\">Per comen\u00e7ar, els 390 milions d'euros en beneficis en realitat van resultar no auditats, els mateixos beneficis que es va dir als inversors i que per descomptat va originar la massiva compra d'accions Bankia. Amb el passar del temps, la veritat va sorgir a la llum i es va demostrar que l'entitat banc\u00e0ria tenia perdudes per al voltant de 3.000 milions d'euros. En aquest punt \u00e9s important esmentar que quan Bankia anunciava la seva sortida a borsa, l'entitat tenia una imatge de solv\u00e8ncia que per a la majoria reflectia confian\u00e7a, no obstant aix\u00f2 lluny estaven de imaginar-se el desastre financer que s'acostava.<\/p>\n<p style=\"text-align: justify;\">L'\u00fanica veritat en tot aquest assumpte \u00e9s que Bankia deliberadament \u00a0va enganyar \u00a0a tots els seus inversors que cegament van confiar en la seva liquiditat financera. En l'actualitat totes aquestes persones que van invertir en accions Bankia han per descomptat optat per la via judicial per intentar recuperar tots els seus estalvis i la inversi\u00f3 que van fer i que per descomptat perilla. El trist de tot \u00e9s que l'entitat encara amb totes les proves no ha assumit el seu error tenint ple coneixement que el temps s'esgota.<\/p>\n<p style=\"text-align: justify;\"><strong>S'esgota el termini<\/strong><\/p>\n<p style=\"text-align: justify;\">Per descomptat que la llei contempla terminis de prescripci\u00f3, per\u00f2 aix\u00f2 no treu la incertesa a tots aquests inversors que van confiar el seu patrimoni a una entitat que els va estafar sabent que la seva situaci\u00f3 financera era un desastre. El termini per reclamar les accions Bankia s'esgota r\u00e0pidament, ja que per a demandar per responsabilitat per falsedat en el fullet acaba el 25 de Maig, i la demanda per nul\u00b7litat es pot allargar una mica m\u00e9s fins al pr\u00f2xim mes de juliol ja que es compliran quatre anys des que Bankia sort\u00eds a la borsa. A partir d'aquesta dates s'impedir\u00e0 que els inversors puguin reclamar sobre l'argument que fins ara han utilitzat per sortir amb \u00e8xit dels processos judicials ja resolts.<\/p>\n","protected":false},"excerpt":{"rendered":"<p>A pocs dies de complir-se quatre anys que Bankia inici\u00e9s les seves operacions a la borsa, tamb\u00e9 s'acaba el termini perqu\u00e8 tots els afectats puguin reclamar les seves accions. Cal esmentar que aquestes accions Bankia van ser subscrites per una quantitat important de persones a un preu \u00fanic de 3.75 \u20ac i que al tancament [&hellip;]<\/p>\n","protected":false},"author":1,"featured_media":550,"comment_status":"closed","ping_status":"open","sticky":false,"template":"","format":"standard","meta":{"_acf_changed":false,"content-type":"","inline_featured_image":false,"footnotes":""},"categories":[],"tags":[],"class_list":["post-1788","post","type-post","status-publish","format-standard","has-post-thumbnail","hentry"],"acf":[],"_links":{"self":[{"href":"https:\/\/advocatsferrer.com\/ca\/wp-json\/wp\/v2\/posts\/1788","targetHints":{"allow":["GET"]}}],"collection":[{"href":"https:\/\/advocatsferrer.com\/ca\/wp-json\/wp\/v2\/posts"}],"about":[{"href":"https:\/\/advocatsferrer.com\/ca\/wp-json\/wp\/v2\/types\/post"}],"author":[{"embeddable":true,"href":"https:\/\/advocatsferrer.com\/ca\/wp-json\/wp\/v2\/users\/1"}],"replies":[{"embeddable":true,"href":"https:\/\/advocatsferrer.com\/ca\/wp-json\/wp\/v2\/comments?post=1788"}],"version-history":[{"count":0,"href":"https:\/\/advocatsferrer.com\/ca\/wp-json\/wp\/v2\/posts\/1788\/revisions"}],"wp:featuredmedia":[{"embeddable":true,"href":"https:\/\/advocatsferrer.com\/ca\/wp-json\/wp\/v2\/media\/550"}],"wp:attachment":[{"href":"https:\/\/advocatsferrer.com\/ca\/wp-json\/wp\/v2\/media?parent=1788"}],"wp:term":[{"taxonomy":"category","embeddable":true,"href":"https:\/\/advocatsferrer.com\/ca\/wp-json\/wp\/v2\/categories?post=1788"},{"taxonomy":"post_tag","embeddable":true,"href":"https:\/\/advocatsferrer.com\/ca\/wp-json\/wp\/v2\/tags?post=1788"}],"curies":[{"name":"wp","href":"https:\/\/api.w.org\/{rel}","templated":true}]}}