{"id":1780,"date":"2015-03-29T10:02:51","date_gmt":"2015-03-29T08:02:51","guid":{"rendered":"https:\/\/advocatsferrer.com\/els-inspectors-del-banc-despanya-es-revolten-contra-la-seva-cupula\/"},"modified":"2015-03-29T10:01:17","modified_gmt":"2015-03-29T08:01:17","slug":"els-inspectors-del-banc-despanya-es-revolten-contra-la-seva-cupula","status":"publish","type":"post","link":"https:\/\/advocatsferrer.com\/ca\/els-inspectors-del-banc-despanya-es-revolten-contra-la-seva-cupula\/","title":{"rendered":"Els inspectors del Banc d'Espanya es revolten contra la seva c\u00fapula"},"content":{"rendered":"<p style=\"text-align: justify;\">L'Associaci\u00f3 d'Inspectors del Banc d'Espanya va emetre ahir un dur comunicat contra la c\u00fapula de la instituci\u00f3 per les seves \"\u00faltimes actuacions\" que \"aviven una pol\u00e8mica\" contra la seva tasca professional, en clara al\u00b7lusi\u00f3 als contrainformes realitzats pel FROB sobre el cas <b>Bankia .<\/b> A m\u00e9s, d\u00f3na suport p\u00fablicament la tasca realitzada pels dos perits que van realitzar els informes sobre la sortida a borsa de Bankia, en qu\u00e8 es diu que el fullet de l'OPS no reflectia la imatge fidel de l'entitat.<\/p>\n<p style=\"text-align: justify;\">No s\u00f3n bons temps per al Banc d'Espanya, les actuacions estan sent criticades m\u00e9s que lloades per alguns sectors de la societat i del Govern en els \u00faltims temps. Ara s\u00f3n els inspectors d'aquesta instituci\u00f3 els que han decidit emetre un dur comunicat (el segon en unes setmanes, encara que aquest \u00e9s m\u00e9s dur) sobre les seves actuacions sobre el cas Bankia, ja que consideren que \"han avivat una pol\u00e8mica que q\u00fcestiona la nostra tasca t\u00e8cnica com a p\u00e8rits, contraposant-la a les decisions del Banc d'Espanya, quan tots dos hem d'estar al servei de la ciutadania \". L'Associaci\u00f3 d'Inspectors ha trigat tres dies en realitzar aquest escrit l'elaboraci\u00f3 \u00e9s fruit de la celebraci\u00f3 de la seva assemblea anual el 11 de mar\u00e7, i en la qual el tema gaireb\u00e9 \u00fanic ser les conseq\u00fc\u00e8ncies del cas Bankia per a la seva professi\u00f3.<\/p>\n<p style=\"text-align: justify;\">Les queixes dels inspectors se centren en els contrainformes realitzats en les \u00faltimes setmanes principalment del FROB -amb un informe de la CNMV encarregat abans del debut de Bankia en borsa i amb consultes al Banc d'Espanya sobre regulaci\u00f3 i comptabilitat tamb\u00e9 inclosos en aquest escrit- , per\u00f2 a m\u00e9s dels aportats per Bankia, BFA i de l'expresident de l'entitat financera, Rodrigo Rato, en els que contradiuen i critiquen els informes realitzats pels perits V\u00edctor S\u00e1nchez i Antonio Busquets encarregats pel jutge de l'Audi\u00e8ncia Nacional, Fernando Andreu. Aquests contrainformes contradiuen les conclusions dels perits en afirmar que el fullet de la sortida a borsa de Bankia el juliol de 2011 si mostra la \"imatge fidel\" de l'entitat, opini\u00f3 contr\u00e0ria a la de S\u00e1nchez i Busquets. \"\u00c9s aix\u00ed perqu\u00e8 la metodologia emprada no \u00e9s d'acord amb la necess\u00e0ria solidesa i fiabilitat d'una per\u00edcia en un proc\u00e9s penal\", critica el FROB en el seu escrit rem\u00e8s al jutge.<\/p>\n<p style=\"text-align: justify;\">Els inspectors del Banc d'Espanya es defensen i asseguren que \"no resulta comprensible la postura recurrent d'aquells que havent pres en el seu dia decisions que tant de mal han causat a la imatge de la nostra instituci\u00f3, continu\u00efn justificant posicionaments passats que l'esdevenir dels esdeveniments han demostrat equivocats \". Aquesta queixa fa refer\u00e8ncia a la c\u00fapula del Banc d'Espanya, sobretot al seu subgovernador, Fernando Restoy, encara que no \u00e9s l'\u00fanic, i al FROB, en considerar que aquest organisme no pot ser part i jutge en el cas Bankia. Aquest col\u00b7lectiu afirma que el \"sentit d'una instituci\u00f3 p\u00fablica com el Banc d'Espanya no pot ser altre que la defensa dels interessos dels ciutadans, garantint l'estabilitat i el correcte funcionament de totes les entitats financeres. Per\u00f2 mai anteposant els interessos d'aquestes a l'inter\u00e8s de la societat en el seu conjunt \".<\/p>\n<p style=\"text-align: justify;\">L'associaci\u00f3, per\u00f2, afirma que \"continuar\u00e0 treballant no nom\u00e9s en defensa dels inspectors en l'exercici de la seva funci\u00f3 p\u00fablica sin\u00f3 en el de restaurar el prestigi i reputaci\u00f3 del propi Banc d'Espanya\".<\/p>\n","protected":false},"excerpt":{"rendered":"<p>L'Associaci\u00f3 d'Inspectors del Banc d'Espanya va emetre ahir un dur comunicat contra la c\u00fapula de la instituci\u00f3 per les seves \"\u00faltimes actuacions\" que \"aviven una pol\u00e8mica\" contra la seva tasca professional, en clara al\u00b7lusi\u00f3 als contrainformes realitzats pel FROB sobre el cas Bankia . A m\u00e9s, d\u00f3na suport p\u00fablicament la tasca realitzada pels dos perits [&hellip;]<\/p>\n","protected":false},"author":1,"featured_media":526,"comment_status":"closed","ping_status":"open","sticky":false,"template":"","format":"standard","meta":{"_acf_changed":false,"content-type":"","inline_featured_image":false,"footnotes":""},"categories":[],"tags":[],"class_list":["post-1780","post","type-post","status-publish","format-standard","has-post-thumbnail","hentry"],"acf":[],"_links":{"self":[{"href":"https:\/\/advocatsferrer.com\/ca\/wp-json\/wp\/v2\/posts\/1780","targetHints":{"allow":["GET"]}}],"collection":[{"href":"https:\/\/advocatsferrer.com\/ca\/wp-json\/wp\/v2\/posts"}],"about":[{"href":"https:\/\/advocatsferrer.com\/ca\/wp-json\/wp\/v2\/types\/post"}],"author":[{"embeddable":true,"href":"https:\/\/advocatsferrer.com\/ca\/wp-json\/wp\/v2\/users\/1"}],"replies":[{"embeddable":true,"href":"https:\/\/advocatsferrer.com\/ca\/wp-json\/wp\/v2\/comments?post=1780"}],"version-history":[{"count":0,"href":"https:\/\/advocatsferrer.com\/ca\/wp-json\/wp\/v2\/posts\/1780\/revisions"}],"wp:featuredmedia":[{"embeddable":true,"href":"https:\/\/advocatsferrer.com\/ca\/wp-json\/wp\/v2\/media\/526"}],"wp:attachment":[{"href":"https:\/\/advocatsferrer.com\/ca\/wp-json\/wp\/v2\/media?parent=1780"}],"wp:term":[{"taxonomy":"category","embeddable":true,"href":"https:\/\/advocatsferrer.com\/ca\/wp-json\/wp\/v2\/categories?post=1780"},{"taxonomy":"post_tag","embeddable":true,"href":"https:\/\/advocatsferrer.com\/ca\/wp-json\/wp\/v2\/tags?post=1780"}],"curies":[{"name":"wp","href":"https:\/\/api.w.org\/{rel}","templated":true}]}}