{"id":1773,"date":"2015-02-07T12:07:00","date_gmt":"2015-02-07T11:07:00","guid":{"rendered":"https:\/\/advocatsferrer.com\/lestat-podria-retornar-els-diners-als-accionistes-de-bankia\/"},"modified":"2015-02-07T12:03:26","modified_gmt":"2015-02-07T11:03:26","slug":"lestat-podria-retornar-els-diners-als-accionistes-de-bankia","status":"publish","type":"post","link":"https:\/\/advocatsferrer.com\/ca\/lestat-podria-retornar-els-diners-als-accionistes-de-bankia\/","title":{"rendered":"L'estat podria retornar els diners als accionistes de bankia"},"content":{"rendered":"<p style=\"text-align: justify;\">L'informe del Banc d'Espanya \u00e9s una porta oberta, una possibilitat perqu\u00e8 els 350.000 accionistes, la majoria petits inversors, recuperin els seus diners. Ara la q\u00fcesti\u00f3 \u00e9s com i qui paga. Alguns advocats afirmen que hauria de ser <b>Bankia<\/b> qui torni els diners amb els seus propis fons; per\u00f2 altres diuen que haurien de ser els antics gestors i, per responsabilitat civil, l'Estat.<\/p>\n<p style=\"text-align: justify;\">Els 12.000 euros que va invertir Vicente formen part dels m\u00e9s de 3.000 milions que va captar Bankia en la seva sortida a borsa. Ara, l'informe del Banc d'Espanya confirma que Bankia va ocultar p\u00e8rdues i aix\u00f2 refor\u00e7a als accionistes per exigir els seus diners invertits. Segons els seus advocats, la devoluci\u00f3 es produir\u00e0.<\/p>\n<p style=\"text-align: justify;\">Els juristes asseguren que si no hi ha resposta de l'entitat, presentaran demandes i quedar\u00e0 en mans de la just\u00edcia. Per a ells, Bankia ha de pagar tot. \"Bankia hauria de tornar el 100% dels diners invertits, els interessos des que es va fer la compra i totes les despeses que tingui la persona que reclami\".<\/p>\n<p style=\"text-align: justify;\">Una opini\u00f3 que no comparteixen altres lletrats, que asseguren que s\u00f3n els antics gestors i l'Estat qui hauria de tornar els diners. \"Hem presentat tamb\u00e9 una causa per la neglig\u00e8ncia en aquest cas del Banc d'Espanya\", assegura un advocat expert en el tema.<\/p>\n<p style=\"text-align: justify;\">Un altre apartat de l'informe tamb\u00e9 esmenta als que van comprar preferents, quan segons el text, l'entitat tampoc expressava la imatge fidel del banc. Avui li demanen a l'actual president que no recorri. Despr\u00e9s de la sortida de l'informe, l'entitat podria cedir a aquestes demandes despr\u00e9s de mesos de negociacions.<\/p>\n","protected":false},"excerpt":{"rendered":"<p>L'informe del Banc d'Espanya \u00e9s una porta oberta, una possibilitat perqu\u00e8 els 350.000 accionistes, la majoria petits inversors, recuperin els seus diners. Ara la q\u00fcesti\u00f3 \u00e9s com i qui paga. Alguns advocats afirmen que hauria de ser Bankia qui torni els diners amb els seus propis fons; per\u00f2 altres diuen que haurien de ser els [&hellip;]<\/p>\n","protected":false},"author":1,"featured_media":498,"comment_status":"closed","ping_status":"open","sticky":false,"template":"","format":"standard","meta":{"_acf_changed":false,"content-type":"","inline_featured_image":false,"footnotes":""},"categories":[],"tags":[],"class_list":["post-1773","post","type-post","status-publish","format-standard","has-post-thumbnail","hentry"],"acf":[],"_links":{"self":[{"href":"https:\/\/advocatsferrer.com\/ca\/wp-json\/wp\/v2\/posts\/1773","targetHints":{"allow":["GET"]}}],"collection":[{"href":"https:\/\/advocatsferrer.com\/ca\/wp-json\/wp\/v2\/posts"}],"about":[{"href":"https:\/\/advocatsferrer.com\/ca\/wp-json\/wp\/v2\/types\/post"}],"author":[{"embeddable":true,"href":"https:\/\/advocatsferrer.com\/ca\/wp-json\/wp\/v2\/users\/1"}],"replies":[{"embeddable":true,"href":"https:\/\/advocatsferrer.com\/ca\/wp-json\/wp\/v2\/comments?post=1773"}],"version-history":[{"count":0,"href":"https:\/\/advocatsferrer.com\/ca\/wp-json\/wp\/v2\/posts\/1773\/revisions"}],"wp:featuredmedia":[{"embeddable":true,"href":"https:\/\/advocatsferrer.com\/ca\/wp-json\/wp\/v2\/media\/498"}],"wp:attachment":[{"href":"https:\/\/advocatsferrer.com\/ca\/wp-json\/wp\/v2\/media?parent=1773"}],"wp:term":[{"taxonomy":"category","embeddable":true,"href":"https:\/\/advocatsferrer.com\/ca\/wp-json\/wp\/v2\/categories?post=1773"},{"taxonomy":"post_tag","embeddable":true,"href":"https:\/\/advocatsferrer.com\/ca\/wp-json\/wp\/v2\/tags?post=1773"}],"curies":[{"name":"wp","href":"https:\/\/api.w.org\/{rel}","templated":true}]}}