{"id":1772,"date":"2015-01-25T10:40:07","date_gmt":"2015-01-25T09:40:07","guid":{"rendered":"https:\/\/advocatsferrer.com\/les-persones-afectades-per-les-accions-de-la-sortida-a-borsa-de-bankia-es-queden-sense-temps-per-reclamar\/"},"modified":"2015-01-25T10:34:34","modified_gmt":"2015-01-25T09:34:34","slug":"les-persones-afectades-per-les-accions-de-la-sortida-a-borsa-de-bankia-es-queden-sense-temps-per-reclamar","status":"publish","type":"post","link":"https:\/\/advocatsferrer.com\/ca\/les-persones-afectades-per-les-accions-de-la-sortida-a-borsa-de-bankia-es-queden-sense-temps-per-reclamar\/","title":{"rendered":"Les persones afectades per les accions de la sortida a borsa de Bankia es queden sense temps per reclamar"},"content":{"rendered":"<h5 style=\"text-align: justify;\">Al juny d'aquest any finalitza el termini per poder presentar una demanda i recuperar la seva inversi\u00f3<\/h5>\n<p style=\"text-align: justify;\">Des que el 2012 va saltar la not\u00edcia de l'<strong>estafa de Bankia<\/strong>, l'entitat est\u00e0 en el punt de mira. Per\u00f2, \u00bf\u00e9s coherent el que ens expliquen?<\/p>\n<p style=\"text-align: justify;\">D'una banda, sembla que l'entitat vol tranquil\u00b7litzar la gent: les \u00faltimes not\u00edcies indiquen que est\u00e0 llesta per tornar els 3.000 milions de la seva sortida a borsa, i el FROB diu esperar que Bankia doble el seu valor en borsa en els propers anys.<\/p>\n<p style=\"text-align: justify;\">Per\u00f2 els fets s\u00f3n clars: Bankia va actuar, en el millor dels sup\u00f2sits, de forma poc professional en la venda d'accions de la seva sortida a borsa. Es van maquillar comptes, es va ocultar el risc real de la companyia, i per tant les persones que van comprar accions van prendre la seva decisi\u00f3 en base a informaci\u00f3 falsa.<\/p>\n<p style=\"text-align: justify;\">Es tracta d'un tema que afecta econ\u00f2micament a molts ciutadans del carrer, ja que la campanya de Bankia per la venda d'accions es va fer de forma massiva, intentant arribar a aquell inversor no professional o aquella persona que tenia uns estalvis que volia rendibilitzar. Ara, amb les dades que han sortit a la llum, les persones afectades poden reclamar no solament l'import perdut a la inversi\u00f3, sin\u00f3 tamb\u00e9 els interessos des de la data de la compra, i per descomptat les costes del proc\u00e9s judicial.<\/p>\n<p style=\"text-align: justify;\">La clau \u00e9s que el temps juga en contra seu. Perqu\u00e8 el juny d'aquest any finalitza el termini per poder presentar una demanda i recuperar la seva inversi\u00f3. La pregunta que sorgeix \u00e9s, la suposada recuperaci\u00f3 de Bankia \u00e9s real, o nom\u00e9s es tracta d'una bona campanya de comunicaci\u00f3 per fer-nos esperar i aguantar fins llavors?<\/p>\n<p style=\"text-align: justify;\">Els juristes i experts s\u00f3n molt clars al respecte: les possibilitats de guanyar la demanda s\u00f3n molt elevades, ja que, entre altres coses, es compta amb un informe del Banc d'Espanya per recolzar. El problema? Que el temps s'acaba, ja que segons la Llei del Mercat de Valors en cas de frau les responsabilitats prescriuen als quatre anys per a la recuperaci\u00f3 de l'invertit per dades err\u00f2nies i omissi\u00f3 d'informaci\u00f3.<\/p>\n<p style=\"text-align: justify;\">D'acord amb Llu\u00eds Ferrer, soci fundador de Ferrer Advocats i expert en dret bancari, \u00abla demanda t\u00e9 molt\u00edssimes possibilitats de resoldre a favor del demandant, que pot arribar a recuperar el 100% de la inversi\u00f3, ja que la p\u00e8rdua de valor de les <strong>accions de Bankia<\/strong> es va produir per un falsejament de les dades, que van donar una impressi\u00f3 de solv\u00e8ncia err\u00f2nia i ocultar el risc real de l'entitat. Per\u00f2 si no es presenta la demanda al Jutjat abans del 20 de juny de 2015, no hi haur\u00e0 res a fer, ja que la reclamaci\u00f3 caducar\u00e0\u00bb.<\/p>\n","protected":false},"excerpt":{"rendered":"<p>Al juny d'aquest any finalitza el termini per poder presentar una demanda i recuperar la seva inversi\u00f3 Des que el 2012 va saltar la not\u00edcia de l'estafa de Bankia, l'entitat est\u00e0 en el punt de mira. Per\u00f2, \u00bf\u00e9s coherent el que ens expliquen? D'una banda, sembla que l'entitat vol tranquil\u00b7litzar la gent: les \u00faltimes not\u00edcies [&hellip;]<\/p>\n","protected":false},"author":1,"featured_media":493,"comment_status":"closed","ping_status":"open","sticky":false,"template":"","format":"standard","meta":{"_acf_changed":false,"content-type":"","inline_featured_image":false,"footnotes":""},"categories":[],"tags":[],"class_list":["post-1772","post","type-post","status-publish","format-standard","has-post-thumbnail","hentry"],"acf":[],"_links":{"self":[{"href":"https:\/\/advocatsferrer.com\/ca\/wp-json\/wp\/v2\/posts\/1772","targetHints":{"allow":["GET"]}}],"collection":[{"href":"https:\/\/advocatsferrer.com\/ca\/wp-json\/wp\/v2\/posts"}],"about":[{"href":"https:\/\/advocatsferrer.com\/ca\/wp-json\/wp\/v2\/types\/post"}],"author":[{"embeddable":true,"href":"https:\/\/advocatsferrer.com\/ca\/wp-json\/wp\/v2\/users\/1"}],"replies":[{"embeddable":true,"href":"https:\/\/advocatsferrer.com\/ca\/wp-json\/wp\/v2\/comments?post=1772"}],"version-history":[{"count":0,"href":"https:\/\/advocatsferrer.com\/ca\/wp-json\/wp\/v2\/posts\/1772\/revisions"}],"wp:featuredmedia":[{"embeddable":true,"href":"https:\/\/advocatsferrer.com\/ca\/wp-json\/wp\/v2\/media\/493"}],"wp:attachment":[{"href":"https:\/\/advocatsferrer.com\/ca\/wp-json\/wp\/v2\/media?parent=1772"}],"wp:term":[{"taxonomy":"category","embeddable":true,"href":"https:\/\/advocatsferrer.com\/ca\/wp-json\/wp\/v2\/categories?post=1772"},{"taxonomy":"post_tag","embeddable":true,"href":"https:\/\/advocatsferrer.com\/ca\/wp-json\/wp\/v2\/tags?post=1772"}],"curies":[{"name":"wp","href":"https:\/\/api.w.org\/{rel}","templated":true}]}}