{"id":1751,"date":"2014-09-21T17:06:35","date_gmt":"2014-09-21T15:06:35","guid":{"rendered":"https:\/\/advocatsferrer.com\/espanya-reserva-europea-de-clausules-abusives-en-hipoteques\/"},"modified":"2014-09-21T16:58:10","modified_gmt":"2014-09-21T14:58:10","slug":"espanya-reserva-europea-de-clausules-abusives-en-hipoteques","status":"publish","type":"post","link":"https:\/\/advocatsferrer.com\/ca\/espanya-reserva-europea-de-clausules-abusives-en-hipoteques\/","title":{"rendered":"Espanya, reserva europea de cl\u00e0usules abusives en hipoteques"},"content":{"rendered":"<p style=\"text-align: justify;\">La sent\u00e8ncia del Tribunal de Luxemburg de 17 de juliol passat ha descobert al nostre pa\u00eds una reserva europea per a les <a title=\"Cl\u00e0usules s\u00f2l\" href=\"https:\/\/advocatsferrer.com\/serveis\/clausules-sol\/\" target=\"_blank\" rel=\"noopener\"><strong>cl\u00e0usules abusives<\/strong><\/a>. Segons aix\u00f2 el rescatat sistema financer espanyol seria ja campi\u00f3 d'Europa d'aquestes cl\u00e0usules.<\/p>\n<p style=\"text-align: justify;\">La sent\u00e8ncia ha dit que el nostre sistema processal, recentment reformat el 2013, empitjora la situaci\u00f3 dels consumidors en els desnonaments. Crida l'atenci\u00f3 aquesta contund\u00e8ncia malgrat les reformes del PP per adaptar-se, aparentment, a les exig\u00e8ncies europees.<\/p>\n<p style=\"text-align: justify;\">El que en realitat pensen a Europa \u00e9s que a Espanya no hi ha mitjans efica\u00e7os per treure les cl\u00e0usules abusives dels contractes sin\u00f3 que, com les cl\u00e0usules terra, en comptes d'haver estat eliminades, campegen pels mercats, en els contractes, en les escriptures, en les inscripcions, en els procediments judicials i administratius i, el que \u00e9s pitjor, en les \u00faltimes reformes legislatives.<\/p>\n<p style=\"text-align: justify;\">Diu tamb\u00e9 la sent\u00e8ncia que la regulaci\u00f3 de la defensa del deutor en el judici de desnonament \u00e9s contr\u00e0ria al principi d'igualtat d'armes processals, integrant del principi de tutela judicial efectiva, que no \u00e9s sin\u00f3 conseq\u00fc\u00e8ncia del proc\u00e9s just. O sigui, que aquesta regulaci\u00f3 \u00e9s contr\u00e0ria no a aquesta o aquella norma, sin\u00f3 directament contr\u00e0ria a la just\u00edcia.<\/p>\n<p style=\"text-align: justify;\">Declara aquesta sent\u00e8ncia que un judici de desnonament com l'espanyol disminueix la protecci\u00f3 contra les cl\u00e0usules abusives que donen la Carta de Drets Fonamentals de la Uni\u00f3 i altres normes europees, perqu\u00e8 augmenta la desigualtat d'armes processals entre les parts.<\/p>\n<p style=\"text-align: justify;\">Afirma que les modalitats espanyoles de les accions judicials basades en els drets que Europa concedeix a les persones consumidores resulten incompletes i insuficients perqu\u00e8 s'acabi amb les cl\u00e0usules abusives de les hipoteques.<\/p>\n<p style=\"text-align: right;\">Font: <a href=\"http:\/\/elpais.com\/\" target=\"_blank\" rel=\"noopener\"><em>El Pa\u00eds<\/em><\/a><\/p>\n","protected":false},"excerpt":{"rendered":"<p>La sent\u00e8ncia del Tribunal de Luxemburg de 17 de juliol passat ha descobert al nostre pa\u00eds una reserva europea per a les cl\u00e0usules abusives. Segons aix\u00f2 el rescatat sistema financer espanyol seria ja campi\u00f3 d'Europa d'aquestes cl\u00e0usules. La sent\u00e8ncia ha dit que el nostre sistema processal, recentment reformat el 2013, empitjora la situaci\u00f3 dels consumidors [&hellip;]<\/p>\n","protected":false},"author":1,"featured_media":404,"comment_status":"closed","ping_status":"open","sticky":false,"template":"","format":"standard","meta":{"_acf_changed":false,"content-type":"","inline_featured_image":false,"footnotes":""},"categories":[],"tags":[],"class_list":["post-1751","post","type-post","status-publish","format-standard","has-post-thumbnail","hentry"],"acf":[],"_links":{"self":[{"href":"https:\/\/advocatsferrer.com\/ca\/wp-json\/wp\/v2\/posts\/1751","targetHints":{"allow":["GET"]}}],"collection":[{"href":"https:\/\/advocatsferrer.com\/ca\/wp-json\/wp\/v2\/posts"}],"about":[{"href":"https:\/\/advocatsferrer.com\/ca\/wp-json\/wp\/v2\/types\/post"}],"author":[{"embeddable":true,"href":"https:\/\/advocatsferrer.com\/ca\/wp-json\/wp\/v2\/users\/1"}],"replies":[{"embeddable":true,"href":"https:\/\/advocatsferrer.com\/ca\/wp-json\/wp\/v2\/comments?post=1751"}],"version-history":[{"count":0,"href":"https:\/\/advocatsferrer.com\/ca\/wp-json\/wp\/v2\/posts\/1751\/revisions"}],"wp:featuredmedia":[{"embeddable":true,"href":"https:\/\/advocatsferrer.com\/ca\/wp-json\/wp\/v2\/media\/404"}],"wp:attachment":[{"href":"https:\/\/advocatsferrer.com\/ca\/wp-json\/wp\/v2\/media?parent=1751"}],"wp:term":[{"taxonomy":"category","embeddable":true,"href":"https:\/\/advocatsferrer.com\/ca\/wp-json\/wp\/v2\/categories?post=1751"},{"taxonomy":"post_tag","embeddable":true,"href":"https:\/\/advocatsferrer.com\/ca\/wp-json\/wp\/v2\/tags?post=1751"}],"curies":[{"name":"wp","href":"https:\/\/api.w.org\/{rel}","templated":true}]}}