{"id":1743,"date":"2014-07-12T12:59:15","date_gmt":"2014-07-12T10:59:15","guid":{"rendered":"https:\/\/advocatsferrer.com\/jutges-per-a-la-democracia-demana-obligar-els-bancs-a-anul%c2%b7lar-les-clausules-sol\/"},"modified":"2014-07-12T12:54:56","modified_gmt":"2014-07-12T10:54:56","slug":"jutges-per-a-la-democracia-demana-obligar-els-bancs-a-anul%c2%b7lar-les-clausules-sol","status":"publish","type":"post","link":"https:\/\/advocatsferrer.com\/ca\/jutges-per-a-la-democracia-demana-obligar-els-bancs-a-anul%c2%b7lar-les-clausules-sol\/","title":{"rendered":"Jutges per a la Democr\u00e0cia demana obligar els bancs a anul\u00b7lar les cl\u00e0usules s\u00f2l"},"content":{"rendered":"<p style=\"text-align: justify;\">Jutges per a la Democr\u00e0cia ha acordat demanar al Govern i al poder legislatiu que elaborin una llei per la qual s'obligui els bancs a anul\u00b7lar les '<a title=\"Cl\u00e0usules s\u00f2l\" href=\"https:\/\/advocatsferrer.com\/serveis\/clausules-sol\/\" target=\"_blank\" rel=\"noopener\"><strong>cl\u00e0usules s\u00f2l<\/strong><\/a>' dels contractes hipotecaris, aix\u00ed com a restituir als clients totes les quantitats percebudes en aquest concepte, \"amb efecte retroactiu i abonament d'interessos\".<\/p>\n<p style=\"text-align: justify;\">L'associaci\u00f3, que ha adoptat aquest acord en el seu 29\u00e8 Congr\u00e9s, afirma que \u00e9s \"incomprensible\" que les 'cl\u00e0usules s\u00f2l' segueixin sent comercialitzades, tenint en compte que al maig de 2013 el Tribunal Suprem va declarar abusiva la pr\u00e0ctica d'incloure en els contractes sense informar el client.<\/p>\n<p style=\"text-align: justify;\">Jutges per a la Democr\u00e0cia assenyala que \u00e9s \"palm\u00e0ria\" la vulneraci\u00f3 de l'article 51 de la Constituci\u00f3, \"que disposa que els poders p\u00fablics garantiran la defensa dels consumidors i usuaris, protegint, mitjan\u00e7ant procediments efica\u00e7os, la seguretat, la salut i els leg\u00edtims interessos econ\u00f2mics \". \"Aquests procediments efica\u00e7os que ordena la Constituci\u00f3 brillen per la seva abs\u00e8ncia\", afegeix.<\/p>\n<p style=\"text-align: justify;\">Des del seu punt de vista, \u00e9s \"inadmissible\" que el sistema financer, \"que reclama celeritat i efic\u00e0cia a l'administraci\u00f3 de Just\u00edcia per al r\u00e0pid cobrament dels deutes de morosos, que acudeix a fons p\u00fablics per al seu recapitalitzaci\u00f3, que reclama disciplina al mercat i ordre en l'economia, es negui a complir les resolucions judicials i els requeriments dels reguladors quan els s\u00f3n desfavorables, com passa en el cas de la 'cl\u00e0usula s\u00f2l' \".<\/p>\n<p style=\"text-align: justify;\">Per aix\u00f2, reclamen la nul\u00b7litat per imperi de la Llei de totes les 'cl\u00e0usules s\u00f2l' en contractes de pr\u00e9stec amb garantia hipotec\u00e0ria, demanen l'obligaci\u00f3 de deixar d'aplicar en els contractes en els quals ja consten i de no incloure-la en el futur i reclama la restituci\u00f3 als clients bancaris de totes les quantitats que s'hagin percebut amb la seva aplicaci\u00f3, amb efecte retroactiu i abonament d'interessos.<\/p>\n<p style=\"text-align: right;\">FONT: <em><a href=\"http:\/\/www.europapress.cat\/\" target=\"_blank\" rel=\"noopener\">EUROPA PRESS<\/a><\/em><\/p>\n","protected":false},"excerpt":{"rendered":"<p>Jutges per a la Democr\u00e0cia ha acordat demanar al Govern i al poder legislatiu que elaborin una llei per la qual s'obligui els bancs a anul\u00b7lar les 'cl\u00e0usules s\u00f2l' dels contractes hipotecaris, aix\u00ed com a restituir als clients totes les quantitats percebudes en aquest concepte, \"amb efecte retroactiu i abonament d'interessos\". L'associaci\u00f3, que ha adoptat [&hellip;]<\/p>\n","protected":false},"author":1,"featured_media":380,"comment_status":"closed","ping_status":"open","sticky":false,"template":"","format":"standard","meta":{"_acf_changed":false,"content-type":"","inline_featured_image":false,"footnotes":""},"categories":[],"tags":[],"class_list":["post-1743","post","type-post","status-publish","format-standard","has-post-thumbnail","hentry"],"acf":[],"_links":{"self":[{"href":"https:\/\/advocatsferrer.com\/ca\/wp-json\/wp\/v2\/posts\/1743","targetHints":{"allow":["GET"]}}],"collection":[{"href":"https:\/\/advocatsferrer.com\/ca\/wp-json\/wp\/v2\/posts"}],"about":[{"href":"https:\/\/advocatsferrer.com\/ca\/wp-json\/wp\/v2\/types\/post"}],"author":[{"embeddable":true,"href":"https:\/\/advocatsferrer.com\/ca\/wp-json\/wp\/v2\/users\/1"}],"replies":[{"embeddable":true,"href":"https:\/\/advocatsferrer.com\/ca\/wp-json\/wp\/v2\/comments?post=1743"}],"version-history":[{"count":0,"href":"https:\/\/advocatsferrer.com\/ca\/wp-json\/wp\/v2\/posts\/1743\/revisions"}],"wp:featuredmedia":[{"embeddable":true,"href":"https:\/\/advocatsferrer.com\/ca\/wp-json\/wp\/v2\/media\/380"}],"wp:attachment":[{"href":"https:\/\/advocatsferrer.com\/ca\/wp-json\/wp\/v2\/media?parent=1743"}],"wp:term":[{"taxonomy":"category","embeddable":true,"href":"https:\/\/advocatsferrer.com\/ca\/wp-json\/wp\/v2\/categories?post=1743"},{"taxonomy":"post_tag","embeddable":true,"href":"https:\/\/advocatsferrer.com\/ca\/wp-json\/wp\/v2\/tags?post=1743"}],"curies":[{"name":"wp","href":"https:\/\/api.w.org\/{rel}","templated":true}]}}