{"id":1732,"date":"2014-05-18T18:17:16","date_gmt":"2014-05-18T16:17:16","guid":{"rendered":"https:\/\/advocatsferrer.com\/lentitat-bancaria-bbva-condemnada-a-tornar-el-cobrat-per-clausules-sol\/"},"modified":"2014-05-18T18:15:34","modified_gmt":"2014-05-18T16:15:34","slug":"lentitat-bancaria-bbva-condemnada-a-tornar-el-cobrat-per-clausules-sol","status":"publish","type":"post","link":"https:\/\/advocatsferrer.com\/ca\/lentitat-bancaria-bbva-condemnada-a-tornar-el-cobrat-per-clausules-sol\/","title":{"rendered":"L'entitat banc\u00e0ria BBVA condemnada a tornar el cobrat per cl\u00e0usules s\u00f2l"},"content":{"rendered":"<p style=\"text-align: justify;\">El Jutjat Mercantil 2 de Madrid, ha anul\u00b7lat les <a title=\"Cl\u00e0usules s\u00f2l\" href=\"https:\/\/advocatsferrer.com\/serveis\/clausules-sol\/\" target=\"_blank\" rel=\"noopener\"><strong>cl\u00e0usules s\u00f2l<\/strong><\/a> cobrades a 112 clients amb hipoteques de BBVA condemnant a l'entitat a retornar les quantitats cobrades de m\u00e9s, una condici\u00f3 declarada \u201cabusiva\u201d pel Tribunal Suprem el passat mes de maig de 2013.<\/p>\n<p style=\"text-align: justify;\">BBVA indica que l'entitat \"respecta el contingut de la sent\u00e8ncia encara que no comparteix els criteris\" i recorrer\u00e0 davant l'Audi\u00e8ncia Provincial de Madrid.<\/p>\n<p style=\"text-align: justify;\">El Jutjat Mercantil n\u00famero 12 de Madrid sent\u00e8ncia que les cl\u00e0usules \u201cno compleixen amb el requisit de transpar\u00e8ncia en faltar informaci\u00f3 prou clara i inserir de manera conjunta a les sostre com aparent contraprestaci\u00f3 de les mateixes\".<\/p>\n<p style=\"text-align: justify;\">Els demandants, que han estat representats per Adicae manifesten que es declar\u00e9s la nul\u00b7litat de les cl\u00e0usules \u00a0que no van ser conegudes de forma clara i transparent, pel que procedeix a declarar la devoluci\u00f3 de les quantitats que \"mai \" hauria d'haver percebut l'entitat per haver aplicat indegudament una cl\u00e0usula que nom\u00e9s beneficiava a l'entitat banc\u00e0ria.<\/p>\n","protected":false},"excerpt":{"rendered":"<p>El Jutjat Mercantil 2 de Madrid, ha anul\u00b7lat les cl\u00e0usules s\u00f2l cobrades a 112 clients amb hipoteques de BBVA condemnant a l'entitat a retornar les quantitats cobrades de m\u00e9s, una condici\u00f3 declarada \u201cabusiva\u201d pel Tribunal Suprem el passat mes de maig de 2013. BBVA indica que l'entitat \"respecta el contingut de la sent\u00e8ncia encara que [&hellip;]<\/p>\n","protected":false},"author":1,"featured_media":347,"comment_status":"closed","ping_status":"open","sticky":false,"template":"","format":"standard","meta":{"_acf_changed":false,"content-type":"","inline_featured_image":false,"footnotes":""},"categories":[],"tags":[],"class_list":["post-1732","post","type-post","status-publish","format-standard","has-post-thumbnail","hentry"],"acf":[],"_links":{"self":[{"href":"https:\/\/advocatsferrer.com\/ca\/wp-json\/wp\/v2\/posts\/1732","targetHints":{"allow":["GET"]}}],"collection":[{"href":"https:\/\/advocatsferrer.com\/ca\/wp-json\/wp\/v2\/posts"}],"about":[{"href":"https:\/\/advocatsferrer.com\/ca\/wp-json\/wp\/v2\/types\/post"}],"author":[{"embeddable":true,"href":"https:\/\/advocatsferrer.com\/ca\/wp-json\/wp\/v2\/users\/1"}],"replies":[{"embeddable":true,"href":"https:\/\/advocatsferrer.com\/ca\/wp-json\/wp\/v2\/comments?post=1732"}],"version-history":[{"count":0,"href":"https:\/\/advocatsferrer.com\/ca\/wp-json\/wp\/v2\/posts\/1732\/revisions"}],"wp:featuredmedia":[{"embeddable":true,"href":"https:\/\/advocatsferrer.com\/ca\/wp-json\/wp\/v2\/media\/347"}],"wp:attachment":[{"href":"https:\/\/advocatsferrer.com\/ca\/wp-json\/wp\/v2\/media?parent=1732"}],"wp:term":[{"taxonomy":"category","embeddable":true,"href":"https:\/\/advocatsferrer.com\/ca\/wp-json\/wp\/v2\/categories?post=1732"},{"taxonomy":"post_tag","embeddable":true,"href":"https:\/\/advocatsferrer.com\/ca\/wp-json\/wp\/v2\/tags?post=1732"}],"curies":[{"name":"wp","href":"https:\/\/api.w.org\/{rel}","templated":true}]}}