{"id":1731,"date":"2014-05-10T09:18:59","date_gmt":"2014-05-10T07:18:59","guid":{"rendered":"https:\/\/advocatsferrer.com\/les-clausules-sol-cada-cop-mes-presents-als-tribunals-espanyols\/"},"modified":"2014-05-10T09:16:02","modified_gmt":"2014-05-10T07:16:02","slug":"les-clausules-sol-cada-cop-mes-presents-als-tribunals-espanyols","status":"publish","type":"post","link":"https:\/\/advocatsferrer.com\/ca\/les-clausules-sol-cada-cop-mes-presents-als-tribunals-espanyols\/","title":{"rendered":"Les Cl\u00e0usules S\u00f2l cada cop m\u00e9s presents als Tribunals Espanyols"},"content":{"rendered":"<p style=\"text-align: justify;\">Les <a title=\"Cl\u00e0usules s\u00f2l\" href=\"https:\/\/advocatsferrer.com\/serveis\/clausules-sol\/\" target=\"_blank\" rel=\"noopener\"><strong>cl\u00e0usules s\u00f2l<\/strong><\/a> inunden els jutjats i les audi\u00e8ncies provincials de tot Espanya, en els \u00faltims mesos molts dels \u00f2rgans judicials s'han vist sobrepassats per l'alt volum de reclamacions dels titulars d'hipoteques a les quals se'ls va aplicar una cl\u00e0usula s\u00f2l i es proposen recuperar els diners cobrats de m\u00e9s per la seva entitat financera.<\/p>\n<p style=\"text-align: justify;\">Actualment es poden donar els casos seg\u00fcents, el de les sent\u00e8ncies que declaren abusiva la cl\u00e0usula s\u00f2l i obliguen al banc a tornar les quantitats de m\u00e9s, els casos en qu\u00e8 tot i declarar nul\u00b7la la cl\u00e0usula nom\u00e9s es condemna a la seva retirada i les que la resoluci\u00f3 de la sentencia confirmen la seva validesa.<\/p>\n<p style=\"text-align: justify;\">Segons les dades facilitades pel Banc d'Espanya, el 97% de les hipoteques del pa\u00eds s\u00f3n de tipus variable i un ter\u00e7 d'aquestes cont\u00e9 aquests tipus de cl\u00e0usula.<\/p>\n<p style=\"text-align: justify;\">Les audi\u00e8ncies de Barcelona, \u00c0laba o Alacant, i la majoria dels jutjats \u00a0advoquen per acordar la devoluci\u00f3 de les quantitats cobrades de m\u00e9s com a efecte a la nul\u00b7litat de la cl\u00e0usula, argumentant que s'ha produ\u00eft un enriquiment injust per part de l'entitat financera en cobrar interessos als quals no tenia dret a cobrar amb una cl\u00e0usula desequilibrada i contr\u00e0ria a la bona fe del contracte.<\/p>\n","protected":false},"excerpt":{"rendered":"<p>Les cl\u00e0usules s\u00f2l inunden els jutjats i les audi\u00e8ncies provincials de tot Espanya, en els \u00faltims mesos molts dels \u00f2rgans judicials s'han vist sobrepassats per l'alt volum de reclamacions dels titulars d'hipoteques a les quals se'ls va aplicar una cl\u00e0usula s\u00f2l i es proposen recuperar els diners cobrats de m\u00e9s per la seva entitat financera. [&hellip;]<\/p>\n","protected":false},"author":1,"featured_media":344,"comment_status":"closed","ping_status":"open","sticky":false,"template":"","format":"standard","meta":{"_acf_changed":false,"content-type":"","inline_featured_image":false,"footnotes":""},"categories":[],"tags":[],"class_list":["post-1731","post","type-post","status-publish","format-standard","has-post-thumbnail","hentry"],"acf":[],"_links":{"self":[{"href":"https:\/\/advocatsferrer.com\/ca\/wp-json\/wp\/v2\/posts\/1731","targetHints":{"allow":["GET"]}}],"collection":[{"href":"https:\/\/advocatsferrer.com\/ca\/wp-json\/wp\/v2\/posts"}],"about":[{"href":"https:\/\/advocatsferrer.com\/ca\/wp-json\/wp\/v2\/types\/post"}],"author":[{"embeddable":true,"href":"https:\/\/advocatsferrer.com\/ca\/wp-json\/wp\/v2\/users\/1"}],"replies":[{"embeddable":true,"href":"https:\/\/advocatsferrer.com\/ca\/wp-json\/wp\/v2\/comments?post=1731"}],"version-history":[{"count":0,"href":"https:\/\/advocatsferrer.com\/ca\/wp-json\/wp\/v2\/posts\/1731\/revisions"}],"wp:featuredmedia":[{"embeddable":true,"href":"https:\/\/advocatsferrer.com\/ca\/wp-json\/wp\/v2\/media\/344"}],"wp:attachment":[{"href":"https:\/\/advocatsferrer.com\/ca\/wp-json\/wp\/v2\/media?parent=1731"}],"wp:term":[{"taxonomy":"category","embeddable":true,"href":"https:\/\/advocatsferrer.com\/ca\/wp-json\/wp\/v2\/categories?post=1731"},{"taxonomy":"post_tag","embeddable":true,"href":"https:\/\/advocatsferrer.com\/ca\/wp-json\/wp\/v2\/tags?post=1731"}],"curies":[{"name":"wp","href":"https:\/\/api.w.org\/{rel}","templated":true}]}}