{"id":1729,"date":"2014-04-27T20:15:18","date_gmt":"2014-04-27T18:15:18","guid":{"rendered":"https:\/\/advocatsferrer.com\/batalla-legal-per-les-clausules-sol\/"},"modified":"2014-04-27T20:12:46","modified_gmt":"2014-04-27T18:12:46","slug":"batalla-legal-per-les-clausules-sol","status":"publish","type":"post","link":"https:\/\/advocatsferrer.com\/ca\/batalla-legal-per-les-clausules-sol\/","title":{"rendered":"Batalla legal per les cl\u00e0usules s\u00f2l"},"content":{"rendered":"<p style=\"text-align: justify;\">Una recent sent\u00e8ncia de l'Audi\u00e8ncia Provincial de Ja\u00e9n considera conforme a dret que un cop declarada nul\u00b7la una <a title=\"Cl\u00e0usules s\u00f2l\" href=\"https:\/\/advocatsferrer.com\/serveis\/clausules-sol\/\" target=\"_blank\" rel=\"noopener\"><strong>cl\u00e0usula s\u00f2l<\/strong><\/a> continguda en un contracte de pr\u00e9stec hipotecari, l'entitat financera demandada sigui condemnada a tornar les quantitats pagades de m\u00e9s.<\/p>\n<p style=\"text-align: justify;\">L'afectada en aquest cas va ser una magistrada en la hipoteca de la qual s'havien incl\u00f2s les esmentades cl\u00e0usules. La sentencia, del passat 27 de mar\u00e7, li d\u00f3na la ra\u00f3, aconseguint amb aix\u00f2 que li tornin m\u00e9s de 12.000 euros a l' aplicar-se la nul\u00b7litat amb car\u00e0cter retroactiu des de la signatura del pr\u00e9stec.<\/p>\n<p style=\"text-align: justify;\">L'entitat financera va al\u00b7legar la condici\u00f3 de magistrada de l'afectada per argumentar que havia d'haver ent\u00e8s les implicacions de la cl\u00e0usula en q\u00fcesti\u00f3. La sent\u00e8ncia reflecteix l'argument del banc en el sentit que no es podia considerar incomplit el deure d'informaci\u00f3 a la prestat\u00e0ria, en ser aquesta \"una persona de car\u00e0cter meticul\u00f3s i m\u00e9s magistrada en exercici, de manera que no pot acceptar-se que no entengu\u00e9s l'abast econ\u00f2mic de la cl\u00e0usula\". Un argument que no va ser acceptat per la sala.<\/p>\n<p style=\"text-align: justify;\">La retroactivitat de les cl\u00e0usules s\u00f2l que es declaren nul\u00b7les \u00e9s una q\u00fcesti\u00f3 controvertida. Al llarg i ample de la geografia espanyola hi ha tot un seguit de pronunciaments judicials a favor i en contra.<\/p>\n<p style=\"text-align: justify;\">La decisi\u00f3 de tornar els diners en aquest cas se suma a la l\u00ednia minorit\u00e0ria ja adoptada per una s\u00e8rie d'audi\u00e8ncies provincials, que entenen que amb aix\u00f2 no contradiu la sent\u00e8ncia del ple del Tribunal Suprem (TS) del 9 de maig de 2013, que tot i recon\u00e8ixer la retroactivitat, no la va aplicar al cas concret.<\/p>\n<p style=\"text-align: justify;\">Donada la disparitat de criteris sobre aquesta mat\u00e8ria, l'\u00faltima paraula la tindr\u00e0 de nou el Suprem, que podria pronunciar-se el pr\u00f2xim mes de juny.<\/p>\n<p style=\"text-align: right;\">FONT: <em>Expansi\u00f3n.com<\/em><\/p>\n","protected":false},"excerpt":{"rendered":"<p>Una recent sent\u00e8ncia de l'Audi\u00e8ncia Provincial de Ja\u00e9n considera conforme a dret que un cop declarada nul\u00b7la una cl\u00e0usula s\u00f2l continguda en un contracte de pr\u00e9stec hipotecari, l'entitat financera demandada sigui condemnada a tornar les quantitats pagades de m\u00e9s. L'afectada en aquest cas va ser una magistrada en la hipoteca de la qual s'havien incl\u00f2s [&hellip;]<\/p>\n","protected":false},"author":1,"featured_media":338,"comment_status":"closed","ping_status":"open","sticky":false,"template":"","format":"standard","meta":{"_acf_changed":false,"content-type":"","inline_featured_image":false,"footnotes":""},"categories":[],"tags":[],"class_list":["post-1729","post","type-post","status-publish","format-standard","has-post-thumbnail","hentry"],"acf":[],"_links":{"self":[{"href":"https:\/\/advocatsferrer.com\/ca\/wp-json\/wp\/v2\/posts\/1729","targetHints":{"allow":["GET"]}}],"collection":[{"href":"https:\/\/advocatsferrer.com\/ca\/wp-json\/wp\/v2\/posts"}],"about":[{"href":"https:\/\/advocatsferrer.com\/ca\/wp-json\/wp\/v2\/types\/post"}],"author":[{"embeddable":true,"href":"https:\/\/advocatsferrer.com\/ca\/wp-json\/wp\/v2\/users\/1"}],"replies":[{"embeddable":true,"href":"https:\/\/advocatsferrer.com\/ca\/wp-json\/wp\/v2\/comments?post=1729"}],"version-history":[{"count":0,"href":"https:\/\/advocatsferrer.com\/ca\/wp-json\/wp\/v2\/posts\/1729\/revisions"}],"wp:featuredmedia":[{"embeddable":true,"href":"https:\/\/advocatsferrer.com\/ca\/wp-json\/wp\/v2\/media\/338"}],"wp:attachment":[{"href":"https:\/\/advocatsferrer.com\/ca\/wp-json\/wp\/v2\/media?parent=1729"}],"wp:term":[{"taxonomy":"category","embeddable":true,"href":"https:\/\/advocatsferrer.com\/ca\/wp-json\/wp\/v2\/categories?post=1729"},{"taxonomy":"post_tag","embeddable":true,"href":"https:\/\/advocatsferrer.com\/ca\/wp-json\/wp\/v2\/tags?post=1729"}],"curies":[{"name":"wp","href":"https:\/\/api.w.org\/{rel}","templated":true}]}}