{"id":1714,"date":"2014-02-09T13:24:41","date_gmt":"2014-02-09T12:24:41","guid":{"rendered":"https:\/\/advocatsferrer.com\/una-sentencia-a-favor-de-la-custodia-compartida\/"},"modified":"2014-02-09T13:24:41","modified_gmt":"2014-02-09T12:24:41","slug":"una-sentencia-a-favor-de-la-custodia-compartida","status":"publish","type":"post","link":"https:\/\/advocatsferrer.com\/ca\/una-sentencia-a-favor-de-la-custodia-compartida\/","title":{"rendered":"Una sent\u00e8ncia a favor de la cust\u00f2dia compartida"},"content":{"rendered":"<p style=\"text-align: justify;\">El <strong>Tribunal Suprem<\/strong> ha resolt en la seva sent\u00e8ncia un recurs interposat pel ministeri fiscal i el pare d'un nen.<\/p>\n<p style=\"text-align: justify;\">Inicialment la cust\u00f2dia la tenia la mare del menor, en primera inst\u00e0ncia es va acceptar el recurs del pare que reclamava la <strong>cust\u00f2dia compartida<\/strong>, per\u00f2 l'Audi\u00e8ncia Provincial ho va desestimar davant el recurs que va interposar la mare.<\/p>\n<p style=\"text-align: justify;\">Finalment, en la sent\u00e8ncia, el Suprem falla a favor de la cust\u00f2dia compartida en inter\u00e8s del menor \"els horaris del pare li permeten atendre el nen i no consta un grau d'enfrontament entre els pares que facin impossible l'acord\".<\/p>\n<p style=\"text-align: justify;\">Hi ha altres circumst\u00e0ncies que tamb\u00e9 s\u00f3n apreciades com la proximitat dels domicilis dels dos progenitors, o que la mare seguir\u00e0 veient el seu fill di\u00e0riament, ja que \u00e9s professora de la seva escola.<\/p>\n","protected":false},"excerpt":{"rendered":"<p>El Tribunal Suprem ha resolt en la seva sent\u00e8ncia un recurs interposat pel ministeri fiscal i el pare d'un nen. Inicialment la cust\u00f2dia la tenia la mare del menor, en primera inst\u00e0ncia es va acceptar el recurs del pare que reclamava la cust\u00f2dia compartida, per\u00f2 l'Audi\u00e8ncia Provincial ho va desestimar davant el recurs que va [&hellip;]<\/p>\n","protected":false},"author":1,"featured_media":293,"comment_status":"closed","ping_status":"open","sticky":false,"template":"","format":"standard","meta":{"_acf_changed":false,"content-type":"","inline_featured_image":false,"footnotes":""},"categories":[],"tags":[],"class_list":["post-1714","post","type-post","status-publish","format-standard","has-post-thumbnail","hentry"],"acf":[],"_links":{"self":[{"href":"https:\/\/advocatsferrer.com\/ca\/wp-json\/wp\/v2\/posts\/1714","targetHints":{"allow":["GET"]}}],"collection":[{"href":"https:\/\/advocatsferrer.com\/ca\/wp-json\/wp\/v2\/posts"}],"about":[{"href":"https:\/\/advocatsferrer.com\/ca\/wp-json\/wp\/v2\/types\/post"}],"author":[{"embeddable":true,"href":"https:\/\/advocatsferrer.com\/ca\/wp-json\/wp\/v2\/users\/1"}],"replies":[{"embeddable":true,"href":"https:\/\/advocatsferrer.com\/ca\/wp-json\/wp\/v2\/comments?post=1714"}],"version-history":[{"count":0,"href":"https:\/\/advocatsferrer.com\/ca\/wp-json\/wp\/v2\/posts\/1714\/revisions"}],"wp:featuredmedia":[{"embeddable":true,"href":"https:\/\/advocatsferrer.com\/ca\/wp-json\/wp\/v2\/media\/293"}],"wp:attachment":[{"href":"https:\/\/advocatsferrer.com\/ca\/wp-json\/wp\/v2\/media?parent=1714"}],"wp:term":[{"taxonomy":"category","embeddable":true,"href":"https:\/\/advocatsferrer.com\/ca\/wp-json\/wp\/v2\/categories?post=1714"},{"taxonomy":"post_tag","embeddable":true,"href":"https:\/\/advocatsferrer.com\/ca\/wp-json\/wp\/v2\/tags?post=1714"}],"curies":[{"name":"wp","href":"https:\/\/api.w.org\/{rel}","templated":true}]}}