{"id":1704,"date":"2013-10-31T19:29:40","date_gmt":"2013-10-31T18:29:40","guid":{"rendered":"https:\/\/advocatsferrer.com\/fagor-en-situacio-de-preconcurs-de-creditors\/"},"modified":"2013-10-31T19:00:21","modified_gmt":"2013-10-31T18:00:21","slug":"fagor-en-situacio-de-preconcurs-de-creditors","status":"publish","type":"post","link":"https:\/\/advocatsferrer.com\/ca\/fagor-en-situacio-de-preconcurs-de-creditors\/","title":{"rendered":"FAGOR en situaci\u00f3 de preconcurs de creditors"},"content":{"rendered":"<p style=\"text-align: justify;\">Fagor afirma que seguir\u00e0 fent gestions per obtenir finan\u00e7ament tot i el rebuig de la Corporaci\u00f3 Mondrag\u00f3n, que argumenta que la situaci\u00f3 no \u00e9s favorable i que es podria veure obligada a presentar <strong>pre<\/strong><b>concurs de creditors<\/b>.<\/p>\n<p style=\"text-align: justify;\">Si Fagor no aconsegueix altres vies de finan\u00e7ament, es veur\u00e0 obligada a declarar-se en <b>fallida<\/b> a Espanya i a Fran\u00e7a despr\u00e9s que el seu filial Fagor MASTERCOOK s'hagi acollit a la llei concursal.<\/p>\n<p style=\"text-align: justify;\">No obstant, Fagor considerar\u00e0 el pla de viabilitat amb el que permetria salvar l'empresa d'electrodom\u00e8stics, per\u00f2 la cooperativa no est\u00e0 disposada a elaborar un projecte que no sigui el que s'ha presentat a les institucions i a la corporaci\u00f3.<\/p>\n<p style=\"text-align: justify;\">El Govern basc no ha precisat \"que part del pla de viabilitat \u00e9s la que no queda clara\" \"nosaltres no estem treballant en un altre pla de viabilitat\", ha transm\u00e8s la signatura industrial a Europa Press.<\/p>\n","protected":false},"excerpt":{"rendered":"<p>Fagor afirma que seguir\u00e0 fent gestions per obtenir finan\u00e7ament tot i el rebuig de la Corporaci\u00f3 Mondrag\u00f3n, que argumenta que la situaci\u00f3 no \u00e9s favorable i que es podria veure obligada a presentar preconcurs de creditors. Si Fagor no aconsegueix altres vies de finan\u00e7ament, es veur\u00e0 obligada a declarar-se en fallida a Espanya i a [&hellip;]<\/p>\n","protected":false},"author":1,"featured_media":263,"comment_status":"closed","ping_status":"open","sticky":false,"template":"","format":"standard","meta":{"_acf_changed":false,"content-type":"","inline_featured_image":false,"footnotes":""},"categories":[],"tags":[],"class_list":["post-1704","post","type-post","status-publish","format-standard","has-post-thumbnail","hentry"],"acf":[],"_links":{"self":[{"href":"https:\/\/advocatsferrer.com\/ca\/wp-json\/wp\/v2\/posts\/1704","targetHints":{"allow":["GET"]}}],"collection":[{"href":"https:\/\/advocatsferrer.com\/ca\/wp-json\/wp\/v2\/posts"}],"about":[{"href":"https:\/\/advocatsferrer.com\/ca\/wp-json\/wp\/v2\/types\/post"}],"author":[{"embeddable":true,"href":"https:\/\/advocatsferrer.com\/ca\/wp-json\/wp\/v2\/users\/1"}],"replies":[{"embeddable":true,"href":"https:\/\/advocatsferrer.com\/ca\/wp-json\/wp\/v2\/comments?post=1704"}],"version-history":[{"count":0,"href":"https:\/\/advocatsferrer.com\/ca\/wp-json\/wp\/v2\/posts\/1704\/revisions"}],"wp:featuredmedia":[{"embeddable":true,"href":"https:\/\/advocatsferrer.com\/ca\/wp-json\/wp\/v2\/media\/263"}],"wp:attachment":[{"href":"https:\/\/advocatsferrer.com\/ca\/wp-json\/wp\/v2\/media?parent=1704"}],"wp:term":[{"taxonomy":"category","embeddable":true,"href":"https:\/\/advocatsferrer.com\/ca\/wp-json\/wp\/v2\/categories?post=1704"},{"taxonomy":"post_tag","embeddable":true,"href":"https:\/\/advocatsferrer.com\/ca\/wp-json\/wp\/v2\/tags?post=1704"}],"curies":[{"name":"wp","href":"https:\/\/api.w.org\/{rel}","templated":true}]}}