{"id":1701,"date":"2013-10-16T14:01:49","date_gmt":"2013-10-16T12:01:49","guid":{"rendered":"https:\/\/advocatsferrer.com\/custodia-compartida-de-gallardon\/"},"modified":"2013-10-16T14:15:19","modified_gmt":"2013-10-16T12:15:19","slug":"custodia-compartida-de-gallardon","status":"publish","type":"post","link":"https:\/\/advocatsferrer.com\/ca\/custodia-compartida-de-gallardon\/","title":{"rendered":"El poder judicial rebutja la cust\u00f2dia compartida de Gallard\u00f3n"},"content":{"rendered":"<p style=\"text-align: justify;\">El poder judicial rebutja la cust\u00f2dia compartida de Gallard\u00f3n.\u00a0El Consell General del Poder Judicial (CGPJ) rebutja la mesura proposada pel Govern en el projecte de llei impulsat pel ministre de Just\u00edcia, Alberto Ruiz \u2013 Gallard\u00f3n, \u00a0en la qual plantejaven que els jutges poguessin imposar la cust\u00f2dia compartida dels fills, en els casos de <b>separacions i divorcis<\/b>, encara que els pares s'oposin, si consideren que \u00e9s el millor per als menors.<\/p>\n<p style=\"text-align: justify;\">Actualment, la possibilitat d'establir la cust\u00f2dia compartida t\u00e9 un car\u00e0cter excepcional, segons el que recull el codi civil,\u00a0 per\u00f2, el CGPJ, creu que aquesta possibilitat pot originar situacions problem\u00e0tiques ni que serveixi perqu\u00e8 els pares puguin exercir de millor manera les funcions pr\u00f2pies de la guarda i cust\u00f2dia.<\/p>\n<p style=\"text-align: justify;\">Per tant l'informe considera que s\u2019hauria de mantenir la regulaci\u00f3 actual sobre aquest aspecte, de manera que els pares puguin pactar el que estimen pertinent, tret que el que \u00a0s'hagi acordat sigui perjudicial per als fills.<\/p>\n<p style=\"text-align: justify;\">En relaci\u00f3 amb la guarda i cust\u00f2dia, considera que l'avantprojecte incorpora uns criteris legals als quals el jutge haur\u00e0 d\u2019estar subjecte per resoldre aquests aspectes i que s'ajustin al criteri fixat per la doctrina jurisprudencial.<\/p>\n<p style=\"text-align: justify;\">[av_hr ]<\/p>\n<p style=\"text-align: justify;\"><strong>Not\u00edcies relacionades:<\/strong><\/p>\n<ul>\n<li style=\"list-style-type: none;\">\n<ul>\n<li style=\"text-align: justify;\"><a title=\"El Poder Judicial rechaza la custodia compartida obligada que pretende Gallard\u00f3n\" href=\"http:\/\/www.elcorreo.com\/vizcaya\/v\/20130920\/pvasco-espana\/poder-judicial-rechaza-custodia-20130920.html\" target=\"_blank\" rel=\"noopener noreferrer\">El Poder Judicial rechaza la custodia compartida obligada que pretende Gallard\u00f3n<\/a><\/li>\n<\/ul>\n<\/li>\n<\/ul>\n","protected":false},"excerpt":{"rendered":"<p>El poder judicial rebutja la cust\u00f2dia compartida de Gallard\u00f3n.\u00a0El Consell General del Poder Judicial (CGPJ) rebutja la mesura proposada pel Govern en el projecte de llei impulsat pel ministre de Just\u00edcia, Alberto Ruiz \u2013 Gallard\u00f3n, \u00a0en la qual plantejaven que els jutges poguessin imposar la cust\u00f2dia compartida dels fills, en els casos de separacions i [&hellip;]<\/p>\n","protected":false},"author":1,"featured_media":254,"comment_status":"closed","ping_status":"open","sticky":false,"template":"","format":"standard","meta":{"_acf_changed":false,"content-type":"","inline_featured_image":false,"footnotes":""},"categories":[],"tags":[],"class_list":["post-1701","post","type-post","status-publish","format-standard","has-post-thumbnail","hentry"],"acf":[],"_links":{"self":[{"href":"https:\/\/advocatsferrer.com\/ca\/wp-json\/wp\/v2\/posts\/1701","targetHints":{"allow":["GET"]}}],"collection":[{"href":"https:\/\/advocatsferrer.com\/ca\/wp-json\/wp\/v2\/posts"}],"about":[{"href":"https:\/\/advocatsferrer.com\/ca\/wp-json\/wp\/v2\/types\/post"}],"author":[{"embeddable":true,"href":"https:\/\/advocatsferrer.com\/ca\/wp-json\/wp\/v2\/users\/1"}],"replies":[{"embeddable":true,"href":"https:\/\/advocatsferrer.com\/ca\/wp-json\/wp\/v2\/comments?post=1701"}],"version-history":[{"count":0,"href":"https:\/\/advocatsferrer.com\/ca\/wp-json\/wp\/v2\/posts\/1701\/revisions"}],"wp:featuredmedia":[{"embeddable":true,"href":"https:\/\/advocatsferrer.com\/ca\/wp-json\/wp\/v2\/media\/254"}],"wp:attachment":[{"href":"https:\/\/advocatsferrer.com\/ca\/wp-json\/wp\/v2\/media?parent=1701"}],"wp:term":[{"taxonomy":"category","embeddable":true,"href":"https:\/\/advocatsferrer.com\/ca\/wp-json\/wp\/v2\/categories?post=1701"},{"taxonomy":"post_tag","embeddable":true,"href":"https:\/\/advocatsferrer.com\/ca\/wp-json\/wp\/v2\/tags?post=1701"}],"curies":[{"name":"wp","href":"https:\/\/api.w.org\/{rel}","templated":true}]}}